{"id":8842,"date":"2026-01-15T13:32:55","date_gmt":"2026-01-15T16:32:55","guid":{"rendered":"https:\/\/www.foradacaixacoletivo.com.br\/openzine\/?p=8842"},"modified":"2026-02-06T12:05:46","modified_gmt":"2026-02-06T15:05:46","slug":"educacao-para-paz-guardioes-do-futuro","status":"publish","type":"post","link":"https:\/\/www.foradacaixacoletivo.com.br\/openzine\/educacao-para-paz-guardioes-do-futuro\/","title":{"rendered":"Educa\u00e7\u00e3o para Paz &#8211; Guardi\u00f5es do Futuro"},"content":{"rendered":"\n<p>Estamos convidando jovens entre 15 e 25 anos para participar do programa de <strong>Educa\u00e7\u00e3o para Paz &#8211; Guardi\u00f5es do Futuro<\/strong>. O programa \u00e9 uma extens\u00e3o de nosso projeto de <strong>Educa\u00e7\u00e3o para Paz <\/strong>realizado por nossa equipe desde 2018 em parceria com o <strong>Educand\u00e1rio e Instituto Andr\u00e9 Luiz<\/strong>. Os jovens que j\u00e1 participaram de nosso programa e outros interessados poder\u00e3o se inscrever. Al\u00e9m do conte\u00fado relacionado \u00e0 EPP tamb\u00e9m teremos aulas de conversa\u00e7\u00e3o em Ingl\u00eas, com o objetivo de prepar\u00e1-los para interagir e participar de encontros virtuais e presenciais com jovens de outros pa\u00edses e organiza\u00e7\u00f5es.<\/p>\n\n\n\n<div class=\"wp-block-columns is-layout-flex wp-container-core-columns-is-layout-28f84493 wp-block-columns-is-layout-flex\">\n<div class=\"wp-block-column is-layout-flow wp-block-column-is-layout-flow\"><\/div>\n\n\n\n<div class=\"wp-block-column is-layout-flow wp-block-column-is-layout-flow\">\n<figure class=\"wp-block-embed is-type-video is-provider-youtube wp-block-embed-youtube wp-embed-aspect-9-16 wp-has-aspect-ratio\"><div class=\"wp-block-embed__wrapper\">\n<iframe loading=\"lazy\" title=\"Convite Guardi\u00f5es do Futuro\" width=\"563\" height=\"1000\" src=\"https:\/\/www.youtube.com\/embed\/F9cbtwDQ6NY?feature=oembed\" frameborder=\"0\" allow=\"accelerometer; autoplay; clipboard-write; encrypted-media; gyroscope; picture-in-picture; web-share\" referrerpolicy=\"strict-origin-when-cross-origin\" allowfullscreen><\/iframe>\n<\/div><\/figure>\n<\/div>\n\n\n\n<div class=\"wp-block-column is-layout-flow wp-block-column-is-layout-flow\"><\/div>\n<\/div>\n\n\n\n<p><strong>Conte\u00fado Program\u00e1tico<\/strong><\/p>\n\n\n\n<p>Faremos uma introdu\u00e7\u00e3o \u00e0s pr\u00e1ticas contemplativas, abordaremos os conceitos sobre &#8220;educa\u00e7\u00e3o sobre e para a paz&#8221;. Apresentaremos conte\u00fados que possibilitem a compreens\u00e3o e a an\u00e1lise cr\u00edtica da viol\u00eancia em todas as suas m\u00faltiplas formas e manifesta\u00e7\u00f5es. A educa\u00e7\u00e3o &#8220;para&#8221; a paz prepara os jovens com o conhecimento e as habilidades necess\u00e1rias para buscar a paz, a justi\u00e7a social e para responder de forma n\u00e3o violenta aos conflitos. Tamb\u00e9m se preocupa em nutrir o autoconhecimento e auto regula\u00e7\u00e3o atrav\u00e9s da medita\u00e7\u00e3o, intelig\u00eancia emocional atrav\u00e9s de recursos morais e \u00e9ticos internos que s\u00e3o essenciais para a a\u00e7\u00e3o externa pela paz.&nbsp;<\/p>\n\n\n\n<p>Devido a grande import\u00e2ncia do papel do jovens no processo de transforma\u00e7\u00e3o da sociedade e a responsabilidade por zelar pelo planeta, decidimos nutrir as aspira\u00e7\u00f5es e voca\u00e7\u00f5es de jovens l\u00edderes para que estejam preparados para participar de forma ativa e engajada em projetos nacionais e internacionais sobre justi\u00e7a racial, constru\u00e7\u00e3o da paz, justi\u00e7a de g\u00eanero, reconcilia\u00e7\u00e3o, preven\u00e7\u00e3o da viol\u00eancia nas escolas, educa\u00e7\u00e3o contra a guerra, ecocidadania e o uso \u00e9tico da Intelig\u00eancia Artificial.<\/p>\n\n\n\n<p>O primeiro encontro ser\u00e1 realizado no dia <strong>31\/01 a partir das 15:00 <\/strong>na sede do <strong>Coletivo Cultural Fora da Caixa<\/strong>, apresentaremos a proposta do projeto e definiremos juntos o formato e periodicidade dos pr\u00f3ximos encontros.<\/p>\n\n\n\n<p class=\"has-light-green-cyan-background-color has-background\">Para participar \u00e9 necess\u00e1rio preencher o formul\u00e1rio de inscri\u00e7\u00e3o, segue o link:<br><br><a href=\"https:\/\/forms.gle\/kDjJ89ujBo4a3rYC6\">https:\/\/forms.gle\/kDjJ89ujBo4a3rYC6<\/a><\/p>\n\n\n\n<p><\/p>\n","protected":false},"excerpt":{"rendered":"<p>Estamos convidando jovens entre 15 e 25 anos para participar do programa de Educa\u00e7\u00e3o para Paz &#8211; Guardi\u00f5es do Futuro. O programa \u00e9 uma extens\u00e3o de nosso projeto de Educa\u00e7\u00e3o para Paz realizado por nossa equipe desde 2018 em parceria com o Educand\u00e1rio e Instituto Andr\u00e9 Luiz. Os jovens que j\u00e1 participaram de nosso programa [&hellip;]<\/p>\n","protected":false},"author":1,"featured_media":8843,"comment_status":"closed","ping_status":"open","sticky":false,"template":"","format":"standard","meta":{"ngg_post_thumbnail":0,"_themeisle_gutenberg_block_has_review":false,"footnotes":""},"categories":[29,36,34],"tags":[],"class_list":["post-8842","post","type-post","status-publish","format-standard","has-post-thumbnail","hentry","category-destaque","category-agenda","category-educacao-para-paz"],"blocksy_meta":[],"_links":{"self":[{"href":"https:\/\/www.foradacaixacoletivo.com.br\/openzine\/wp-json\/wp\/v2\/posts\/8842","targetHints":{"allow":["GET"]}}],"collection":[{"href":"https:\/\/www.foradacaixacoletivo.com.br\/openzine\/wp-json\/wp\/v2\/posts"}],"about":[{"href":"https:\/\/www.foradacaixacoletivo.com.br\/openzine\/wp-json\/wp\/v2\/types\/post"}],"author":[{"embeddable":true,"href":"https:\/\/www.foradacaixacoletivo.com.br\/openzine\/wp-json\/wp\/v2\/users\/1"}],"replies":[{"embeddable":true,"href":"https:\/\/www.foradacaixacoletivo.com.br\/openzine\/wp-json\/wp\/v2\/comments?post=8842"}],"version-history":[{"count":5,"href":"https:\/\/www.foradacaixacoletivo.com.br\/openzine\/wp-json\/wp\/v2\/posts\/8842\/revisions"}],"predecessor-version":[{"id":9395,"href":"https:\/\/www.foradacaixacoletivo.com.br\/openzine\/wp-json\/wp\/v2\/posts\/8842\/revisions\/9395"}],"wp:featuredmedia":[{"embeddable":true,"href":"https:\/\/www.foradacaixacoletivo.com.br\/openzine\/wp-json\/wp\/v2\/media\/8843"}],"wp:attachment":[{"href":"https:\/\/www.foradacaixacoletivo.com.br\/openzine\/wp-json\/wp\/v2\/media?parent=8842"}],"wp:term":[{"taxonomy":"category","embeddable":true,"href":"https:\/\/www.foradacaixacoletivo.com.br\/openzine\/wp-json\/wp\/v2\/categories?post=8842"},{"taxonomy":"post_tag","embeddable":true,"href":"https:\/\/www.foradacaixacoletivo.com.br\/openzine\/wp-json\/wp\/v2\/tags?post=8842"}],"curies":[{"name":"wp","href":"https:\/\/api.w.org\/{rel}","templated":true}]}}