{"id":8633,"date":"2025-06-30T13:44:19","date_gmt":"2025-06-30T16:44:19","guid":{"rendered":"https:\/\/www.foradacaixacoletivo.com.br\/openzine\/?p=8633"},"modified":"2026-02-06T11:56:12","modified_gmt":"2026-02-06T14:56:12","slug":"tributo-ao-dalai-lama","status":"publish","type":"post","link":"https:\/\/www.foradacaixacoletivo.com.br\/openzine\/tributo-ao-dalai-lama\/","title":{"rendered":"Tributo ao Dalai Lama"},"content":{"rendered":"\n<figure class=\"wp-block-image size-full\"><img data-dominant-color=\"cb6540\" data-has-transparency=\"false\" style=\"--dominant-color: #cb6540;\" loading=\"lazy\" decoding=\"async\" width=\"840\" height=\"375\" src=\"https:\/\/www.foradacaixacoletivo.com.br\/openzine\/wp-content\/uploads\/2025\/06\/Tributo-ao-Dalai-Lama.webp\" alt=\"\" class=\"wp-image-8634 not-transparent\" srcset=\"https:\/\/www.foradacaixacoletivo.com.br\/openzine\/wp-content\/uploads\/2025\/06\/Tributo-ao-Dalai-Lama.webp 840w, https:\/\/www.foradacaixacoletivo.com.br\/openzine\/wp-content\/uploads\/2025\/06\/Tributo-ao-Dalai-Lama-300x134.webp 300w, https:\/\/www.foradacaixacoletivo.com.br\/openzine\/wp-content\/uploads\/2025\/06\/Tributo-ao-Dalai-Lama-768x343.webp 768w\" sizes=\"auto, (max-width: 840px) 100vw, 840px\" \/><\/figure>\n\n\n\n<p class=\"has-background\" style=\"background-color:#f7da8a\"><strong>Dia 12\/07<\/strong> &#8211; S\u00e1bado &#8211; 15:00 \u00e0s 17:00 &#8211; Inscreva-se antecipadamente.<\/p>\n\n\n\n<p>Nascido no dia 06 de Julho de 1935, Sua Santidade Dalai Lama celebrar\u00e1 90 anos de vida e n\u00f3s vamos celebrar tamb\u00e9m! Nascido no Tibet, ainda jovem assumiu o posto de l\u00edder espiritual e do governo de seu pa\u00eds. Teve que fugir em 1959 da capital de seu pa\u00eds, Lhasa, quando a China invadiu o Tibete e se tornou um s\u00edmbolo da nacionalidade tibetana para os tibetanos no Tibete e no ex\u00edlio. Desde ent\u00e3o vive exilado em Dharamsala, \u00cdndia.<\/p>\n\n\n\n<p>Sua vida e seus ensinamentos s\u00e3o um exemplo de compaix\u00e3o e espiritualidade, sua simplicidade e bom humor encanta pessoas de todas as religi\u00f5es. Sua lideran\u00e7a pol\u00edtica \u00e9 baseada na n\u00e3o-viol\u00eancia e devido a sua postura \u00e9tica e sua firmeza na Verdade, ele \u00e9 admirado por muitos l\u00edderes mundiais.<\/p>\n\n\n\n<p>Mesmo com todos os problemas causados pelos chineses ao seu povo, depois que ele deixou seu pa\u00eds, o Budismo e seus ensinamentos se espalharam por todo o planeta. Sua luz brilha como um diamante e muitos seres s\u00e3o beneficiados por sua sabedoria e compaix\u00e3o. Venha conhecer um pouco mais sobre sua vida e ensinamentos espirituais, participe de nosso tributo.<\/p>\n\n\n\n<p>Viva Sua Santidade Dalai Lama!<\/p>\n\n\n\n<figure class=\"wp-block-embed is-type-rich is-provider-spotify wp-block-embed-spotify wp-embed-aspect-21-9 wp-has-aspect-ratio\"><div class=\"wp-block-embed__wrapper\">\n<iframe title=\"Spotify Embed: Tributo ao Dalai Lama\" style=\"border-radius: 12px\" width=\"100%\" height=\"152\" frameborder=\"0\" allowfullscreen allow=\"autoplay; clipboard-write; encrypted-media; fullscreen; picture-in-picture\" loading=\"lazy\" src=\"https:\/\/open.spotify.com\/embed\/episode\/7JPoFZ6DJx2MVkYTIECliE?si=2e80359a28bc40f2&amp;utm_source=oembed\"><\/iframe>\n<\/div><\/figure>\n\n\n\n<p class=\"has-light-green-cyan-background-color has-background\"><strong>Entrada<\/strong>: um litro de leite longa vida ou 1 kg de alimento n\u00e3o perec\u00edvel<\/p>\n\n\n\n<p class=\"has-pale-cyan-blue-background-color has-background\"><strong>Inscri\u00e7\u00f5es<\/strong>: (15) 998.033180<\/p>\n\n\n\n<p class=\"has-background\" style=\"background-color:#fec196\"><strong>Local<\/strong>: Fora da Caixa &#8211; Coletivo Cultural<br>Rua Bar\u00e3o de Piratininga, 286 &#8211; Sorocaba &#8211; SP<br><\/p>\n","protected":false},"excerpt":{"rendered":"<p>Dia 12\/07 &#8211; S\u00e1bado &#8211; 15:00 \u00e0s 17:00 &#8211; Inscreva-se antecipadamente. Nascido no dia 06 de Julho de 1935, Sua Santidade Dalai Lama celebrar\u00e1 90 anos de vida e n\u00f3s vamos celebrar tamb\u00e9m! Nascido no Tibet, ainda jovem assumiu o posto de l\u00edder espiritual e do governo de seu pa\u00eds. Teve que fugir em 1959 [&hellip;]<\/p>\n","protected":false},"author":1,"featured_media":8634,"comment_status":"closed","ping_status":"open","sticky":false,"template":"","format":"standard","meta":{"ngg_post_thumbnail":0,"_themeisle_gutenberg_block_has_review":false,"footnotes":""},"categories":[91,82],"tags":[],"class_list":["post-8633","post","type-post","status-publish","format-standard","has-post-thumbnail","hentry","category-podcasts","category-tributo"],"blocksy_meta":[],"_links":{"self":[{"href":"https:\/\/www.foradacaixacoletivo.com.br\/openzine\/wp-json\/wp\/v2\/posts\/8633","targetHints":{"allow":["GET"]}}],"collection":[{"href":"https:\/\/www.foradacaixacoletivo.com.br\/openzine\/wp-json\/wp\/v2\/posts"}],"about":[{"href":"https:\/\/www.foradacaixacoletivo.com.br\/openzine\/wp-json\/wp\/v2\/types\/post"}],"author":[{"embeddable":true,"href":"https:\/\/www.foradacaixacoletivo.com.br\/openzine\/wp-json\/wp\/v2\/users\/1"}],"replies":[{"embeddable":true,"href":"https:\/\/www.foradacaixacoletivo.com.br\/openzine\/wp-json\/wp\/v2\/comments?post=8633"}],"version-history":[{"count":3,"href":"https:\/\/www.foradacaixacoletivo.com.br\/openzine\/wp-json\/wp\/v2\/posts\/8633\/revisions"}],"predecessor-version":[{"id":8654,"href":"https:\/\/www.foradacaixacoletivo.com.br\/openzine\/wp-json\/wp\/v2\/posts\/8633\/revisions\/8654"}],"wp:featuredmedia":[{"embeddable":true,"href":"https:\/\/www.foradacaixacoletivo.com.br\/openzine\/wp-json\/wp\/v2\/media\/8634"}],"wp:attachment":[{"href":"https:\/\/www.foradacaixacoletivo.com.br\/openzine\/wp-json\/wp\/v2\/media?parent=8633"}],"wp:term":[{"taxonomy":"category","embeddable":true,"href":"https:\/\/www.foradacaixacoletivo.com.br\/openzine\/wp-json\/wp\/v2\/categories?post=8633"},{"taxonomy":"post_tag","embeddable":true,"href":"https:\/\/www.foradacaixacoletivo.com.br\/openzine\/wp-json\/wp\/v2\/tags?post=8633"}],"curies":[{"name":"wp","href":"https:\/\/api.w.org\/{rel}","templated":true}]}}