{"id":6579,"date":"2023-12-30T11:28:13","date_gmt":"2023-12-30T14:28:13","guid":{"rendered":"https:\/\/www.foradacaixacoletivo.com.br\/openzine\/?p=6579"},"modified":"2023-12-30T12:04:25","modified_gmt":"2023-12-30T15:04:25","slug":"retrovisor-uma-visao-importante","status":"publish","type":"post","link":"https:\/\/www.foradacaixacoletivo.com.br\/openzine\/retrovisor-uma-visao-importante\/","title":{"rendered":"Retrovisor, uma vis\u00e3o importante"},"content":{"rendered":"\n<figure class=\"wp-block-image size-full\"><img data-dominant-color=\"5c3e26\" data-has-transparency=\"true\" style=\"--dominant-color: #5c3e26;\" loading=\"lazy\" decoding=\"async\" width=\"840\" height=\"357\" src=\"https:\/\/www.foradacaixacoletivo.com.br\/openzine\/wp-content\/uploads\/2023\/12\/capa-retrospectiva-2023-1.png\" alt=\"\" class=\"wp-image-6586 has-transparency\" srcset=\"https:\/\/www.foradacaixacoletivo.com.br\/openzine\/wp-content\/uploads\/2023\/12\/capa-retrospectiva-2023-1.png 840w, https:\/\/www.foradacaixacoletivo.com.br\/openzine\/wp-content\/uploads\/2023\/12\/capa-retrospectiva-2023-1-300x128.png 300w, https:\/\/www.foradacaixacoletivo.com.br\/openzine\/wp-content\/uploads\/2023\/12\/capa-retrospectiva-2023-1-768x326.png 768w\" sizes=\"auto, (max-width: 840px) 100vw, 840px\" \/><\/figure>\n\n\n\n<p>Estamos nos aproximando do fim de 2023 e, ao rever as imagens de nossa retrospectiva, sentimos um quentinho no cora\u00e7\u00e3o. Tivemos momentos incr\u00edveis, conversas que nos curaram e inspiraram, reunimos amigos, professores e parceiros que nos trouxeram reflex\u00f5es sobre Filosofia, Medita\u00e7\u00e3o, Yoga, Medicina Tibetana e ainda nos deliciamos com os encontros gastron\u00f4micos no Caf\u00e9 Ref\u00fagio. Celebramos tamb\u00e9m as festas junina e natalina!<\/p>\n\n\n\n<p>Entre as conquistas que nos encheram de orgulho este ano est\u00e3o o programa de Educa\u00e7\u00e3o para Paz em parceria com o Educand\u00e1rio e Instituto Andr\u00e9 Luiz e a exposi\u00e7\u00e3o Arte pela Paz \u2014 que teve uma participa\u00e7\u00e3o no Congresso Internacional de Peacebuilding.<\/p>\n\n\n\n<p>Este olhar para tr\u00e1s \u2014 enquanto seguimos em frente \u2014 que um retrovisor nos d\u00e1 \u00e9 da maior import\u00e2ncia. Al\u00e9m de nos motivar a continuar com confian\u00e7a, nos mostra o quanto nosso trabalho foi especial. H\u00e1 muito a ser feito, neste mundo cada vez mais amea\u00e7ado pela divis\u00e3o, viol\u00eancia e falta de empatia. Mas conseguimos reunir pessoas que vibram em outra frequ\u00eancia, com uma energia de uni\u00e3o, respeito e di\u00e1logo. A harmonia e a alegria estiveram presentes por aqui e, se depender de nossa equipe, em 2024 ser\u00e1 ainda melhor!<\/p>\n\n\n\n<p class=\"has-vivid-purple-color has-text-color has-link-color wp-elements-b558d04225192c64e1e7585f587ef9d3\"><em>Seguimos acreditando que n\u00e3o h\u00e1 caminho para a Paz, a Paz \u00e9 o caminho!<\/em><\/p>\n\n\n\n<p>Equipe Fora da Caixa<\/p>\n\n\n\n<p class=\"has-black-color has-light-green-cyan-background-color has-text-color has-background has-link-color has-medium-font-size wp-elements-956203f87503022448a6ea658d9f2284\">Relembre alguns momentos de 2023<\/p>\n\n\n\n<figure class=\"wp-block-embed is-type-wp-embed is-provider-openzine wp-block-embed-openzine\"><div class=\"wp-block-embed__wrapper\">\n<blockquote class=\"wp-embedded-content\" data-secret=\"1KlZcA9cAN\"><a href=\"https:\/\/www.foradacaixacoletivo.com.br\/openzine\/festival-da-liberdade-fotos-e-videos\/\">Festival da Liberdade &#8211; Fotos e V\u00eddeos<\/a><\/blockquote><iframe loading=\"lazy\" class=\"wp-embedded-content\" sandbox=\"allow-scripts\" security=\"restricted\" style=\"position: absolute; visibility: hidden;\" title=\"&#8220;Festival da Liberdade &#8211; Fotos e V\u00eddeos&#8221; &#8212; OPENZINE\" src=\"https:\/\/www.foradacaixacoletivo.com.br\/openzine\/festival-da-liberdade-fotos-e-videos\/embed\/#?secret=khgbpPZDqM#?secret=1KlZcA9cAN\" data-secret=\"1KlZcA9cAN\" width=\"600\" height=\"338\" frameborder=\"0\" marginwidth=\"0\" marginheight=\"0\" scrolling=\"no\"><\/iframe>\n<\/div><\/figure>\n\n\n\n<figure class=\"wp-block-embed is-type-wp-embed is-provider-openzine wp-block-embed-openzine\"><div class=\"wp-block-embed__wrapper\">\n<blockquote class=\"wp-embedded-content\" data-secret=\"DVkgkV0ZIB\"><a href=\"https:\/\/www.foradacaixacoletivo.com.br\/openzine\/conversas-fora-da-caixa-com-regina-fonseca\/\">Conversas Fora da Caixa com Regina Fonseca<\/a><\/blockquote><iframe loading=\"lazy\" class=\"wp-embedded-content\" sandbox=\"allow-scripts\" security=\"restricted\" style=\"position: absolute; visibility: hidden;\" title=\"&#8220;Conversas Fora da Caixa com Regina Fonseca&#8221; &#8212; OPENZINE\" src=\"https:\/\/www.foradacaixacoletivo.com.br\/openzine\/conversas-fora-da-caixa-com-regina-fonseca\/embed\/#?secret=ibwIqmxpMj#?secret=DVkgkV0ZIB\" data-secret=\"DVkgkV0ZIB\" width=\"600\" height=\"338\" frameborder=\"0\" marginwidth=\"0\" marginheight=\"0\" scrolling=\"no\"><\/iframe>\n<\/div><\/figure>\n\n\n\n<figure class=\"wp-block-embed is-type-wp-embed is-provider-openzine wp-block-embed-openzine\"><div class=\"wp-block-embed__wrapper\">\n<blockquote class=\"wp-embedded-content\" data-secret=\"izfZLgBOdl\"><a href=\"https:\/\/www.foradacaixacoletivo.com.br\/openzine\/conversas-fora-da-caixa-com-luiz-segamarchi\/\">Conversas Fora da Caixa com Luiz Segamarchi<\/a><\/blockquote><iframe loading=\"lazy\" class=\"wp-embedded-content\" sandbox=\"allow-scripts\" security=\"restricted\" style=\"position: absolute; visibility: hidden;\" title=\"&#8220;Conversas Fora da Caixa com Luiz Segamarchi&#8221; &#8212; OPENZINE\" src=\"https:\/\/www.foradacaixacoletivo.com.br\/openzine\/conversas-fora-da-caixa-com-luiz-segamarchi\/embed\/#?secret=G5Zqjii9Fj#?secret=izfZLgBOdl\" data-secret=\"izfZLgBOdl\" width=\"600\" height=\"338\" frameborder=\"0\" marginwidth=\"0\" marginheight=\"0\" scrolling=\"no\"><\/iframe>\n<\/div><\/figure>\n\n\n\n<figure class=\"wp-block-embed is-type-wp-embed is-provider-openzine wp-block-embed-openzine\"><div class=\"wp-block-embed__wrapper\">\n<blockquote class=\"wp-embedded-content\" data-secret=\"kQAUUDeSf5\"><a href=\"https:\/\/www.foradacaixacoletivo.com.br\/openzine\/inteligencia-nao-e-consciencia\/\">Intelig\u00eancia n\u00e3o \u00e9 Consci\u00eancia<\/a><\/blockquote><iframe loading=\"lazy\" class=\"wp-embedded-content\" sandbox=\"allow-scripts\" security=\"restricted\" style=\"position: absolute; visibility: hidden;\" title=\"&#8220;Intelig\u00eancia n\u00e3o \u00e9 Consci\u00eancia&#8221; &#8212; OPENZINE\" src=\"https:\/\/www.foradacaixacoletivo.com.br\/openzine\/inteligencia-nao-e-consciencia\/embed\/#?secret=jzBjJpCp8p#?secret=kQAUUDeSf5\" data-secret=\"kQAUUDeSf5\" width=\"600\" height=\"338\" frameborder=\"0\" marginwidth=\"0\" marginheight=\"0\" scrolling=\"no\"><\/iframe>\n<\/div><\/figure>\n\n\n\n<figure class=\"wp-block-embed is-type-wp-embed is-provider-openzine wp-block-embed-openzine\"><div class=\"wp-block-embed__wrapper\">\n<blockquote class=\"wp-embedded-content\" data-secret=\"8gXZTrzv57\"><a href=\"https:\/\/www.foradacaixacoletivo.com.br\/openzine\/educacao-para-paz-apresentacao-no-congresso-de-adolescencias-na-unifesp\/\">Educa\u00e7\u00e3o para Paz &#8211; Apresenta\u00e7\u00e3o no Congresso de Adolesc\u00eancias na UNIFESP<\/a><\/blockquote><iframe loading=\"lazy\" class=\"wp-embedded-content\" sandbox=\"allow-scripts\" security=\"restricted\" style=\"position: absolute; visibility: hidden;\" title=\"&#8220;Educa\u00e7\u00e3o para Paz &#8211; Apresenta\u00e7\u00e3o no Congresso de Adolesc\u00eancias na UNIFESP&#8221; &#8212; OPENZINE\" src=\"https:\/\/www.foradacaixacoletivo.com.br\/openzine\/educacao-para-paz-apresentacao-no-congresso-de-adolescencias-na-unifesp\/embed\/#?secret=t3v6H1JFgW#?secret=8gXZTrzv57\" data-secret=\"8gXZTrzv57\" width=\"600\" height=\"338\" frameborder=\"0\" marginwidth=\"0\" marginheight=\"0\" scrolling=\"no\"><\/iframe>\n<\/div><\/figure>\n\n\n\n<figure class=\"wp-block-embed is-type-wp-embed is-provider-openzine wp-block-embed-openzine\"><div class=\"wp-block-embed__wrapper\">\n<blockquote class=\"wp-embedded-content\" data-secret=\"fN0kFuDGSM\"><a href=\"https:\/\/www.foradacaixacoletivo.com.br\/openzine\/construindo-a-paz-atraves-de-acoes\/\">Construindo a Paz Atrav\u00e9s de A\u00e7\u00f5es<\/a><\/blockquote><iframe loading=\"lazy\" class=\"wp-embedded-content\" sandbox=\"allow-scripts\" security=\"restricted\" style=\"position: absolute; visibility: hidden;\" title=\"&#8220;Construindo a Paz Atrav\u00e9s de A\u00e7\u00f5es&#8221; &#8212; OPENZINE\" src=\"https:\/\/www.foradacaixacoletivo.com.br\/openzine\/construindo-a-paz-atraves-de-acoes\/embed\/#?secret=vxxuKFKJBk#?secret=fN0kFuDGSM\" data-secret=\"fN0kFuDGSM\" width=\"600\" height=\"338\" frameborder=\"0\" marginwidth=\"0\" marginheight=\"0\" scrolling=\"no\"><\/iframe>\n<\/div><\/figure>\n\n\n\n<figure class=\"wp-block-embed is-type-wp-embed is-provider-openzine wp-block-embed-openzine\"><div class=\"wp-block-embed__wrapper\">\n<blockquote class=\"wp-embedded-content\" data-secret=\"oa25G5kMyN\"><a href=\"https:\/\/www.foradacaixacoletivo.com.br\/openzine\/arte-pela-paz-no-seminario-internacional-de-peacebuilding\/\">Arte pela Paz no Semin\u00e1rio Internacional de Peacebuilding<\/a><\/blockquote><iframe loading=\"lazy\" class=\"wp-embedded-content\" sandbox=\"allow-scripts\" security=\"restricted\" style=\"position: absolute; visibility: hidden;\" title=\"&#8220;Arte pela Paz no Semin\u00e1rio Internacional de Peacebuilding&#8221; &#8212; OPENZINE\" src=\"https:\/\/www.foradacaixacoletivo.com.br\/openzine\/arte-pela-paz-no-seminario-internacional-de-peacebuilding\/embed\/#?secret=16Qot8m6TL#?secret=oa25G5kMyN\" data-secret=\"oa25G5kMyN\" width=\"600\" height=\"338\" frameborder=\"0\" marginwidth=\"0\" marginheight=\"0\" scrolling=\"no\"><\/iframe>\n<\/div><\/figure>\n\n\n\n<figure class=\"wp-block-embed is-type-wp-embed is-provider-openzine wp-block-embed-openzine\"><div class=\"wp-block-embed__wrapper\">\n<blockquote class=\"wp-embedded-content\" data-secret=\"c38oZ5kva8\"><a href=\"https:\/\/www.foradacaixacoletivo.com.br\/openzine\/educacao-para-paz-programa-de-lideranca-e-saude-emocional\/\">Educa\u00e7\u00e3o para Paz &#8211; Programa de Lideran\u00e7a e Sa\u00fade Emocional<\/a><\/blockquote><iframe loading=\"lazy\" class=\"wp-embedded-content\" sandbox=\"allow-scripts\" security=\"restricted\" style=\"position: absolute; visibility: hidden;\" title=\"&#8220;Educa\u00e7\u00e3o para Paz &#8211; Programa de Lideran\u00e7a e Sa\u00fade Emocional&#8221; &#8212; OPENZINE\" src=\"https:\/\/www.foradacaixacoletivo.com.br\/openzine\/educacao-para-paz-programa-de-lideranca-e-saude-emocional\/embed\/#?secret=ka4xItHQbI#?secret=c38oZ5kva8\" data-secret=\"c38oZ5kva8\" width=\"600\" height=\"338\" frameborder=\"0\" marginwidth=\"0\" marginheight=\"0\" scrolling=\"no\"><\/iframe>\n<\/div><\/figure>\n\n\n\n<figure class=\"wp-block-embed is-type-wp-embed is-provider-openzine wp-block-embed-openzine\"><div class=\"wp-block-embed__wrapper\">\n<blockquote class=\"wp-embedded-content\" data-secret=\"hf45Q9rW50\"><a href=\"https:\/\/www.foradacaixacoletivo.com.br\/openzine\/confraternizacao-professor-xavier-2023\/\">Confraterniza\u00e7\u00e3o Professor Xavier 2023<\/a><\/blockquote><iframe loading=\"lazy\" class=\"wp-embedded-content\" sandbox=\"allow-scripts\" security=\"restricted\" style=\"position: absolute; visibility: hidden;\" title=\"&#8220;Confraterniza\u00e7\u00e3o Professor Xavier 2023&#8221; &#8212; OPENZINE\" src=\"https:\/\/www.foradacaixacoletivo.com.br\/openzine\/confraternizacao-professor-xavier-2023\/embed\/#?secret=WcJ2zzCJi6#?secret=hf45Q9rW50\" data-secret=\"hf45Q9rW50\" width=\"600\" height=\"338\" frameborder=\"0\" marginwidth=\"0\" marginheight=\"0\" scrolling=\"no\"><\/iframe>\n<\/div><\/figure>\n","protected":false},"excerpt":{"rendered":"<p>Estamos nos aproximando do fim de 2023 e, ao rever as imagens de nossa retrospectiva, sentimos um quentinho no cora\u00e7\u00e3o. Tivemos momentos incr\u00edveis, conversas que nos curaram e inspiraram, reunimos amigos, professores e parceiros que nos trouxeram reflex\u00f5es sobre Filosofia, Medita\u00e7\u00e3o, Yoga, Medicina Tibetana e ainda nos deliciamos com os encontros gastron\u00f4micos no Caf\u00e9 Ref\u00fagio. [&hellip;]<\/p>\n","protected":false},"author":1,"featured_media":6586,"comment_status":"closed","ping_status":"open","sticky":false,"template":"","format":"standard","meta":{"ngg_post_thumbnail":0,"_themeisle_gutenberg_block_has_review":false,"footnotes":""},"categories":[5],"tags":[],"class_list":["post-6579","post","type-post","status-publish","format-standard","has-post-thumbnail","hentry","category-artigos"],"blocksy_meta":[],"_links":{"self":[{"href":"https:\/\/www.foradacaixacoletivo.com.br\/openzine\/wp-json\/wp\/v2\/posts\/6579","targetHints":{"allow":["GET"]}}],"collection":[{"href":"https:\/\/www.foradacaixacoletivo.com.br\/openzine\/wp-json\/wp\/v2\/posts"}],"about":[{"href":"https:\/\/www.foradacaixacoletivo.com.br\/openzine\/wp-json\/wp\/v2\/types\/post"}],"author":[{"embeddable":true,"href":"https:\/\/www.foradacaixacoletivo.com.br\/openzine\/wp-json\/wp\/v2\/users\/1"}],"replies":[{"embeddable":true,"href":"https:\/\/www.foradacaixacoletivo.com.br\/openzine\/wp-json\/wp\/v2\/comments?post=6579"}],"version-history":[{"count":3,"href":"https:\/\/www.foradacaixacoletivo.com.br\/openzine\/wp-json\/wp\/v2\/posts\/6579\/revisions"}],"predecessor-version":[{"id":6587,"href":"https:\/\/www.foradacaixacoletivo.com.br\/openzine\/wp-json\/wp\/v2\/posts\/6579\/revisions\/6587"}],"wp:featuredmedia":[{"embeddable":true,"href":"https:\/\/www.foradacaixacoletivo.com.br\/openzine\/wp-json\/wp\/v2\/media\/6586"}],"wp:attachment":[{"href":"https:\/\/www.foradacaixacoletivo.com.br\/openzine\/wp-json\/wp\/v2\/media?parent=6579"}],"wp:term":[{"taxonomy":"category","embeddable":true,"href":"https:\/\/www.foradacaixacoletivo.com.br\/openzine\/wp-json\/wp\/v2\/categories?post=6579"},{"taxonomy":"post_tag","embeddable":true,"href":"https:\/\/www.foradacaixacoletivo.com.br\/openzine\/wp-json\/wp\/v2\/tags?post=6579"}],"curies":[{"name":"wp","href":"https:\/\/api.w.org\/{rel}","templated":true}]}}