{"id":5591,"date":"2023-03-01T13:21:05","date_gmt":"2023-03-01T16:21:05","guid":{"rendered":"https:\/\/www.foradacaixacoletivo.com.br\/openzine\/?p=5591"},"modified":"2026-02-08T06:35:33","modified_gmt":"2026-02-08T09:35:33","slug":"festival-da-liberdade-18-03","status":"publish","type":"post","link":"https:\/\/www.foradacaixacoletivo.com.br\/openzine\/festival-da-liberdade-18-03\/","title":{"rendered":"Festival da Liberdade &#8211; 18\/03"},"content":{"rendered":"\n<figure class=\"wp-block-image size-large\"><img loading=\"lazy\" decoding=\"async\" width=\"1024\" height=\"1024\" src=\"https:\/\/www.foradacaixacoletivo.com.br\/openzine\/wp-content\/uploads\/2023\/03\/festival-da-liberdade-patrocinado-1024x1024.png\" alt=\"\" class=\"wp-image-5623\" srcset=\"https:\/\/www.foradacaixacoletivo.com.br\/openzine\/wp-content\/uploads\/2023\/03\/festival-da-liberdade-patrocinado-1024x1024.png 1024w, https:\/\/www.foradacaixacoletivo.com.br\/openzine\/wp-content\/uploads\/2023\/03\/festival-da-liberdade-patrocinado-300x300.png 300w, https:\/\/www.foradacaixacoletivo.com.br\/openzine\/wp-content\/uploads\/2023\/03\/festival-da-liberdade-patrocinado-150x150.png 150w, https:\/\/www.foradacaixacoletivo.com.br\/openzine\/wp-content\/uploads\/2023\/03\/festival-da-liberdade-patrocinado-768x768.png 768w, https:\/\/www.foradacaixacoletivo.com.br\/openzine\/wp-content\/uploads\/2023\/03\/festival-da-liberdade-patrocinado.png 1080w\" sizes=\"auto, (max-width: 1024px) 100vw, 1024px\" \/><\/figure>\n\n\n\n<p class=\"has-background\" style=\"background-color:#fee6a5\"><strong>Festival da Liberdade<\/strong><br><strong>S\u00e1bado, <strong>18\/03<\/strong><\/strong><br><strong>08:00 \u00e0s 18:00<\/strong><br>Rua Bar\u00e3o de Piratininga, 286 &#8211; Jd. Faculdade<\/p>\n\n\n\n<p>O evento prop\u00f5e uma reflex\u00e3o sobre a liberdade e as condi\u00e7\u00f5es internas e externas para que sejamos de fato livres. Diante de momentos onde nos sentimos oprimidos e nossos direitos est\u00e3o em risco a busca por este estado de mente e tamb\u00e9m pol\u00edtico vem \u00e0 tona. Evento solid\u00e1rio em prol do <strong>Educand\u00e1rio e Instituto Andr\u00e9 Luiz<\/strong>. Al\u00e9m da programa\u00e7\u00e3o cultural com palestras e viv\u00eancias ser\u00e1 realizada uma feira com produtos artesanais e\/ou autorais de vestu\u00e1rio, decora\u00e7\u00e3o, alimenta\u00e7\u00e3o e sa\u00fade.<\/p>\n\n\n\n<figure class=\"wp-block-gallery has-nested-images columns-default is-cropped wp-block-gallery-1 is-layout-flex wp-block-gallery-is-layout-flex\">\n<figure class=\"wp-block-image size-large\"><img loading=\"lazy\" decoding=\"async\" width=\"1024\" height=\"1024\" data-id=\"5631\" src=\"https:\/\/www.foradacaixacoletivo.com.br\/openzine\/wp-content\/uploads\/2023\/03\/osmarina-1024x1024.png\" alt=\"\" class=\"wp-image-5631\" srcset=\"https:\/\/www.foradacaixacoletivo.com.br\/openzine\/wp-content\/uploads\/2023\/03\/osmarina-1024x1024.png 1024w, https:\/\/www.foradacaixacoletivo.com.br\/openzine\/wp-content\/uploads\/2023\/03\/osmarina-300x300.png 300w, https:\/\/www.foradacaixacoletivo.com.br\/openzine\/wp-content\/uploads\/2023\/03\/osmarina-150x150.png 150w, https:\/\/www.foradacaixacoletivo.com.br\/openzine\/wp-content\/uploads\/2023\/03\/osmarina-768x768.png 768w, https:\/\/www.foradacaixacoletivo.com.br\/openzine\/wp-content\/uploads\/2023\/03\/osmarina.png 1080w\" sizes=\"auto, (max-width: 1024px) 100vw, 1024px\" \/><\/figure>\n\n\n\n<figure class=\"wp-block-image size-large\"><img loading=\"lazy\" decoding=\"async\" width=\"1024\" height=\"1024\" data-id=\"5627\" src=\"https:\/\/www.foradacaixacoletivo.com.br\/openzine\/wp-content\/uploads\/2023\/03\/taisa-1024x1024.png\" alt=\"\" class=\"wp-image-5627\" srcset=\"https:\/\/www.foradacaixacoletivo.com.br\/openzine\/wp-content\/uploads\/2023\/03\/taisa-1024x1024.png 1024w, https:\/\/www.foradacaixacoletivo.com.br\/openzine\/wp-content\/uploads\/2023\/03\/taisa-300x300.png 300w, https:\/\/www.foradacaixacoletivo.com.br\/openzine\/wp-content\/uploads\/2023\/03\/taisa-150x150.png 150w, https:\/\/www.foradacaixacoletivo.com.br\/openzine\/wp-content\/uploads\/2023\/03\/taisa-768x768.png 768w, https:\/\/www.foradacaixacoletivo.com.br\/openzine\/wp-content\/uploads\/2023\/03\/taisa.png 1080w\" sizes=\"auto, (max-width: 1024px) 100vw, 1024px\" \/><\/figure>\n\n\n\n<figure class=\"wp-block-image size-large\"><img loading=\"lazy\" decoding=\"async\" width=\"1024\" height=\"1024\" data-id=\"5629\" src=\"https:\/\/www.foradacaixacoletivo.com.br\/openzine\/wp-content\/uploads\/2023\/03\/thome-1024x1024.png\" alt=\"\" class=\"wp-image-5629\" srcset=\"https:\/\/www.foradacaixacoletivo.com.br\/openzine\/wp-content\/uploads\/2023\/03\/thome-1024x1024.png 1024w, https:\/\/www.foradacaixacoletivo.com.br\/openzine\/wp-content\/uploads\/2023\/03\/thome-300x300.png 300w, https:\/\/www.foradacaixacoletivo.com.br\/openzine\/wp-content\/uploads\/2023\/03\/thome-150x150.png 150w, https:\/\/www.foradacaixacoletivo.com.br\/openzine\/wp-content\/uploads\/2023\/03\/thome-768x768.png 768w, https:\/\/www.foradacaixacoletivo.com.br\/openzine\/wp-content\/uploads\/2023\/03\/thome.png 1080w\" sizes=\"auto, (max-width: 1024px) 100vw, 1024px\" \/><\/figure>\n\n\n\n<figure class=\"wp-block-image size-large\"><img loading=\"lazy\" decoding=\"async\" width=\"1024\" height=\"1024\" data-id=\"5645\" src=\"https:\/\/www.foradacaixacoletivo.com.br\/openzine\/wp-content\/uploads\/2023\/03\/cassimiro-1024x1024.png\" alt=\"\" class=\"wp-image-5645\" srcset=\"https:\/\/www.foradacaixacoletivo.com.br\/openzine\/wp-content\/uploads\/2023\/03\/cassimiro-1024x1024.png 1024w, https:\/\/www.foradacaixacoletivo.com.br\/openzine\/wp-content\/uploads\/2023\/03\/cassimiro-300x300.png 300w, https:\/\/www.foradacaixacoletivo.com.br\/openzine\/wp-content\/uploads\/2023\/03\/cassimiro-150x150.png 150w, https:\/\/www.foradacaixacoletivo.com.br\/openzine\/wp-content\/uploads\/2023\/03\/cassimiro-768x768.png 768w, https:\/\/www.foradacaixacoletivo.com.br\/openzine\/wp-content\/uploads\/2023\/03\/cassimiro.png 1080w\" sizes=\"auto, (max-width: 1024px) 100vw, 1024px\" \/><\/figure>\n\n\n\n<figure class=\"wp-block-image size-large\"><img loading=\"lazy\" decoding=\"async\" width=\"1024\" height=\"1024\" data-id=\"5628\" src=\"https:\/\/www.foradacaixacoletivo.com.br\/openzine\/wp-content\/uploads\/2023\/03\/zanella-1024x1024.png\" alt=\"\" class=\"wp-image-5628\" srcset=\"https:\/\/www.foradacaixacoletivo.com.br\/openzine\/wp-content\/uploads\/2023\/03\/zanella-1024x1024.png 1024w, https:\/\/www.foradacaixacoletivo.com.br\/openzine\/wp-content\/uploads\/2023\/03\/zanella-300x300.png 300w, https:\/\/www.foradacaixacoletivo.com.br\/openzine\/wp-content\/uploads\/2023\/03\/zanella-150x150.png 150w, https:\/\/www.foradacaixacoletivo.com.br\/openzine\/wp-content\/uploads\/2023\/03\/zanella-768x768.png 768w, https:\/\/www.foradacaixacoletivo.com.br\/openzine\/wp-content\/uploads\/2023\/03\/zanella.png 1080w\" sizes=\"auto, (max-width: 1024px) 100vw, 1024px\" \/><\/figure>\n\n\n\n<figure class=\"wp-block-image size-large\"><img loading=\"lazy\" decoding=\"async\" width=\"1024\" height=\"1024\" data-id=\"5643\" src=\"https:\/\/www.foradacaixacoletivo.com.br\/openzine\/wp-content\/uploads\/2023\/03\/expositores-1-1024x1024.png\" alt=\"\" class=\"wp-image-5643\" srcset=\"https:\/\/www.foradacaixacoletivo.com.br\/openzine\/wp-content\/uploads\/2023\/03\/expositores-1-1024x1024.png 1024w, https:\/\/www.foradacaixacoletivo.com.br\/openzine\/wp-content\/uploads\/2023\/03\/expositores-1-300x300.png 300w, https:\/\/www.foradacaixacoletivo.com.br\/openzine\/wp-content\/uploads\/2023\/03\/expositores-1-150x150.png 150w, https:\/\/www.foradacaixacoletivo.com.br\/openzine\/wp-content\/uploads\/2023\/03\/expositores-1-768x768.png 768w, https:\/\/www.foradacaixacoletivo.com.br\/openzine\/wp-content\/uploads\/2023\/03\/expositores-1.png 1080w\" sizes=\"auto, (max-width: 1024px) 100vw, 1024px\" \/><\/figure>\n<\/figure>\n\n\n\n<p><\/p>\n\n\n\n<p><strong>Programa\u00e7\u00e3o Cultural &#8211; Cronograma<\/strong><\/p>\n\n\n\n<p class=\"has-pale-cyan-blue-background-color has-background\"><strong>8:30 &#8211; Abertura&nbsp;<\/strong><\/p>\n\n\n\n<p class=\"has-light-green-cyan-background-color has-background\"><strong>9:00 &#8211; Palestra &#8211; A Liberdade da Mente\/Cora\u00e7\u00e3o<\/strong><\/p>\n\n\n\n<p>Nossa mente \u00e9 nosso lar, nossos pensamentos, opini\u00f5es e modo de ver o mundo pode nos libertar ou aprisionar. Quando aceitamos uma vers\u00e3o da realidade como definitiva podemos nos sentir oprimidos e deprimidos, os estados mentais que s\u00e3o gerados por nossas ang\u00fastias e expectativas podem se transformar em depress\u00e3o, ansiedade, medo e doen\u00e7as. Mas \u00e9 poss\u00edvel mudar? Como se libertar de nossas pris\u00f5es mentais? \u00c9 sobre isso que vamos refletir.<\/p>\n\n\n\n<p><strong>Regina Proen\u00e7a<\/strong> \u00e9 fil\u00f3sofa, aprendiz e livre pensadora. Atualmente est\u00e1 em forma\u00e7\u00e3o em Medicina Tibetana e coordena os projetos do coletivo cultural Fora da Caixa.<\/p>\n\n\n\n<p class=\"has-pale-cyan-blue-background-color has-background\"><strong>10:00 &#8211; Palestra: Liberdade de Pensamento<\/strong> <strong>&#8211; A vida e filosofia de Edith Stein&nbsp;<\/strong><\/p>\n\n\n\n<p>No Festival da Liberdade voltamos nosso olhar para a mem\u00f3ria viva de Edith Stein (1891-1942).<br>Edith foi judia, educada na f\u00e9 austera e corajosa de Abra\u00e3o. Menina precoce, sempre se empenhou na busca da verdade e fez da filosofia a sua morada. Transformada pela hist\u00f3ria e sabedoria de Tereza de \u00c1vila Edith Stein se torna crist\u00e3 e carmelita descal\u00e7a. O \u00f3dio racial e a desumanidade dos nazistas a levam para o campo de concentra\u00e7\u00e3o. Honrou com seu sangue a busca incondicional da verdade e de humanidade que nutriu toda sua vida. Fenomenologa por natureza, seu esp\u00edrito apaixonado e objetivo a fizeram fonte de luz e inspira\u00e7\u00e3o que vamos conhecer um pouco mais neste encontro.<br>Venha conosco!!<\/p>\n\n\n\n<p><strong>Carlos Eduardo Xavier<\/strong> \u00e9 graduado em Teologia, Filosofia e tem difundido por mais de 20 anos preciosos ensinamentos sobre autoconhecimento, espiritualidade, PNL e filosofia.<\/p>\n\n\n\n<p class=\"has-background\" style=\"background-color:#ffd8be\"><strong>12:30 &#8211; Apresenta\u00e7\u00e3o de Dan\u00e7a Cigana com Eliane Cassimiro<\/strong><\/p>\n\n\n\n<figure class=\"wp-block-image alignleft size-large is-resized\"><img loading=\"lazy\" decoding=\"async\" src=\"https:\/\/www.foradacaixacoletivo.com.br\/openzine\/wp-content\/uploads\/2023\/03\/WhatsApp-Image-2023-03-09-at-10.31.14-1024x682.jpeg\" alt=\"\" class=\"wp-image-5649\" width=\"102\" height=\"68\" srcset=\"https:\/\/www.foradacaixacoletivo.com.br\/openzine\/wp-content\/uploads\/2023\/03\/WhatsApp-Image-2023-03-09-at-10.31.14-1024x682.jpeg 1024w, https:\/\/www.foradacaixacoletivo.com.br\/openzine\/wp-content\/uploads\/2023\/03\/WhatsApp-Image-2023-03-09-at-10.31.14-300x200.jpeg 300w, https:\/\/www.foradacaixacoletivo.com.br\/openzine\/wp-content\/uploads\/2023\/03\/WhatsApp-Image-2023-03-09-at-10.31.14-768x511.jpeg 768w, https:\/\/www.foradacaixacoletivo.com.br\/openzine\/wp-content\/uploads\/2023\/03\/WhatsApp-Image-2023-03-09-at-10.31.14.jpeg 1280w\" sizes=\"auto, (max-width: 102px) 100vw, 102px\" \/><\/figure>\n\n\n\n<p>Dan\u00e7a Cigana \u00e9 um modalidade \u00e9tnica, devido a forte caracter\u00edstica de nomadismo dos ciganos, essa dan\u00e7a possui uma rica diversidade cultural, elementos e movimentos, que os ciganos foram agregando ao longo de sua jornada. N\u00e3o tem como voc\u00ea n\u00e3o se identificar com algum destes estilos. O que torna a pr\u00e1tica dessa dan\u00e7a transformadora e leve. Tudo isso agregando consci\u00eancia corporal, que \u00e9 minha especializa\u00e7\u00e3o.<\/p>\n\n\n\n<p class=\"has-light-green-cyan-background-color has-background\"><strong>14:30 &#8211; Palestra: Alimenta\u00e7\u00e3o Libert\u00e1ria &#8211; Pancs como forma de nutri\u00e7\u00e3o<\/strong><\/p>\n\n\n\n<p>Existe uma maneira de termos mais sa\u00fade investindo menos dinheiro na alimenta\u00e7\u00e3o. S\u00e3o as plantas conhecidas como PANC, que receberam uma nomenclatura mais adequada: PANS &#8211; Plantas Aliment\u00edcias Negligenciadas ou Subutilizadas. H\u00e1 muitos aspectos sociais, pol\u00edticos, econ\u00f4micos e nutricionais relacionados a este assunto. Venha conhecer novas possibilidades!<\/p>\n\n\n\n<p><strong>Luiz Fernando Segamarch<\/strong>i \u00e9 professor e praticante de yoga, al\u00e9m de ser um entusiasta e pesquisador sobre alimenta\u00e7\u00e3o natural.<\/p>\n\n\n\n<p class=\"has-pale-cyan-blue-background-color has-background\"><strong>&nbsp;16:00 &#8211; Filme: Joy &#8211; Um encontro entre Dalai Lama e Desmond Tutu<\/strong><\/p>\n\n\n\n<figure class=\"wp-block-image alignleft size-large is-resized\"><img decoding=\"async\" src=\"https:\/\/www.foradacaixacoletivo.com.br\/openzine\/wp-content\/uploads\/2023\/03\/joy-dalai-lama-desmond-tutu-edited.png\" alt=\"\" class=\"wp-image-5615\" width=\"146\" srcset=\"https:\/\/www.foradacaixacoletivo.com.br\/openzine\/wp-content\/uploads\/2023\/03\/joy-dalai-lama-desmond-tutu-edited.png 1080w, https:\/\/www.foradacaixacoletivo.com.br\/openzine\/wp-content\/uploads\/2023\/03\/joy-dalai-lama-desmond-tutu-edited-300x169.png 300w, https:\/\/www.foradacaixacoletivo.com.br\/openzine\/wp-content\/uploads\/2023\/03\/joy-dalai-lama-desmond-tutu-edited-1024x576.png 1024w, https:\/\/www.foradacaixacoletivo.com.br\/openzine\/wp-content\/uploads\/2023\/03\/joy-dalai-lama-desmond-tutu-edited-768x432.png 768w, https:\/\/www.foradacaixacoletivo.com.br\/openzine\/wp-content\/uploads\/2023\/03\/joy-dalai-lama-desmond-tutu-edited-800x450.png 800w\" sizes=\"(max-width: 1080px) 100vw, 1080px\" \/><\/figure>\n\n\n\n<p>Esse filme documental retrata o encontro entre dois amigos espirituais, seres humanos que enfrentaram condi\u00e7\u00f5es extremas de viol\u00eancia, racismo, intoler\u00e2ncia, injusti\u00e7a e ex\u00edlio em seus pa\u00edses. Sua santidade Dalai Lama que escapou da invas\u00e3o e ocupa\u00e7\u00e3o do Tibete feita pelos chineses em 1949 e Desmond Tutu teve que lidar com o per\u00edodo mais opressivo do Apartheid na Africa, ambos tiveram suas vidas e liberdade amea\u00e7adas mas isso n\u00e3o os fez pessoas amargas e vingativas. A amizade, o exemplo de compaix\u00e3o, alegria e bom humor que eles nos mostram apontam uma forma elevada e profunda de lidar com as situa\u00e7\u00f5es mais adversas da vida. Eles s\u00e3o mestres de luz em um mundo de trevas e com suas risadas e bom humor nos ensinam a viver melhor, de forma mais compassiva e buscar solu\u00e7\u00f5es n\u00e3o-violentas para os problemas que enfrentamos.<\/p>\n\n\n\n<p class=\"has-light-green-cyan-background-color has-background\"><strong>&nbsp;<\/strong><strong>18:00 &#8211; Encerramento<\/strong><\/p>\n","protected":false},"excerpt":{"rendered":"<p>Festival da LiberdadeS\u00e1bado, 18\/0308:00 \u00e0s 18:00Rua Bar\u00e3o de Piratininga, 286 &#8211; Jd. Faculdade O evento prop\u00f5e uma reflex\u00e3o sobre a liberdade e as condi\u00e7\u00f5es internas e externas para que sejamos de fato livres. Diante de momentos onde nos sentimos oprimidos e nossos direitos est\u00e3o em risco a busca por este estado de mente e tamb\u00e9m [&hellip;]<\/p>\n","protected":false},"author":1,"featured_media":5596,"comment_status":"closed","ping_status":"open","sticky":false,"template":"","format":"standard","meta":{"ngg_post_thumbnail":0,"_themeisle_gutenberg_block_has_review":false,"footnotes":""},"categories":[35,232],"tags":[],"class_list":["post-5591","post","type-post","status-publish","format-standard","has-post-thumbnail","hentry","category-eventos","category-festival-da-liberdade"],"blocksy_meta":[],"_links":{"self":[{"href":"https:\/\/www.foradacaixacoletivo.com.br\/openzine\/wp-json\/wp\/v2\/posts\/5591","targetHints":{"allow":["GET"]}}],"collection":[{"href":"https:\/\/www.foradacaixacoletivo.com.br\/openzine\/wp-json\/wp\/v2\/posts"}],"about":[{"href":"https:\/\/www.foradacaixacoletivo.com.br\/openzine\/wp-json\/wp\/v2\/types\/post"}],"author":[{"embeddable":true,"href":"https:\/\/www.foradacaixacoletivo.com.br\/openzine\/wp-json\/wp\/v2\/users\/1"}],"replies":[{"embeddable":true,"href":"https:\/\/www.foradacaixacoletivo.com.br\/openzine\/wp-json\/wp\/v2\/comments?post=5591"}],"version-history":[{"count":14,"href":"https:\/\/www.foradacaixacoletivo.com.br\/openzine\/wp-json\/wp\/v2\/posts\/5591\/revisions"}],"predecessor-version":[{"id":5651,"href":"https:\/\/www.foradacaixacoletivo.com.br\/openzine\/wp-json\/wp\/v2\/posts\/5591\/revisions\/5651"}],"wp:featuredmedia":[{"embeddable":true,"href":"https:\/\/www.foradacaixacoletivo.com.br\/openzine\/wp-json\/wp\/v2\/media\/5596"}],"wp:attachment":[{"href":"https:\/\/www.foradacaixacoletivo.com.br\/openzine\/wp-json\/wp\/v2\/media?parent=5591"}],"wp:term":[{"taxonomy":"category","embeddable":true,"href":"https:\/\/www.foradacaixacoletivo.com.br\/openzine\/wp-json\/wp\/v2\/categories?post=5591"},{"taxonomy":"post_tag","embeddable":true,"href":"https:\/\/www.foradacaixacoletivo.com.br\/openzine\/wp-json\/wp\/v2\/tags?post=5591"}],"curies":[{"name":"wp","href":"https:\/\/api.w.org\/{rel}","templated":true}]}}