{"id":4730,"date":"2022-05-30T10:48:30","date_gmt":"2022-05-30T13:48:30","guid":{"rendered":"https:\/\/www.foradacaixacoletivo.com.br\/openzine\/?p=4730"},"modified":"2022-11-21T11:04:49","modified_gmt":"2022-11-21T14:04:49","slug":"ankara-a-capital-da-turquia","status":"publish","type":"post","link":"https:\/\/www.foradacaixacoletivo.com.br\/openzine\/ankara-a-capital-da-turquia\/","title":{"rendered":"Ankara, a capital da Turquia"},"content":{"rendered":"\n<figure class=\"wp-block-image size-full\"><img loading=\"lazy\" decoding=\"async\" width=\"600\" height=\"315\" src=\"https:\/\/www.foradacaixacoletivo.com.br\/openzine\/wp-content\/uploads\/2022\/05\/Post-Ankara.png\" alt=\"\" class=\"wp-image-4751\" srcset=\"https:\/\/www.foradacaixacoletivo.com.br\/openzine\/wp-content\/uploads\/2022\/05\/Post-Ankara.png 600w, https:\/\/www.foradacaixacoletivo.com.br\/openzine\/wp-content\/uploads\/2022\/05\/Post-Ankara-300x158.png 300w\" sizes=\"auto, (max-width: 600px) 100vw, 600px\" \/><\/figure>\n\n\n\n<p>Fiz uma passagem muito r\u00e1pida pela cidade de Ankara, me juntei a um grupo de turistas que estavam fazendo o mesmo roteiro que eu e conheci pessoas incr\u00edveis,haviam argentinos, espanh\u00f3is e brasileiros. Minha principal parceira durante essa parte da viagem foi Ana Carolina Prado, que al\u00e9m de ser um mineira alegre e alto astral, tamb\u00e9m \u00e9 uma excelente fot\u00f3grafa e suas fotos encantar\u00e3o minhas narrativas pois ela generosamente compartilhou suas imagens para embelezar nossa revista Openzine. Valeu Carol!<\/p>\n\n\n\n<p>Em Ankara visitamos o Mausol\u00e9u de Ataturk, constru\u00eddo no alto de uma colina, o local pode ser visto de v\u00e1rios pontos da cidade. \u00c9 muito visitado pelos locais e tamb\u00e9m turistas. Os turcos veneram <strong>Mustafa Kema<\/strong>l, para alguns \u00e9 considerado um ditador mas fica evidente que muitos o consideram um her\u00f3i por todas as mudan\u00e7as que introduziu no pa\u00eds e pelas batalhas que liderou pela independ\u00eancia da Turquia. Sua constru\u00e7\u00e3o \u00e9 altiva e abriga a tumba de Ataturk, o pai dos turcos. O corpo de seu amigo e sucessor, <strong>Ismet Inonu, <\/strong>tamb\u00e9m se encontra ali. Podemos encontrar no local o <strong>Museu da Guerra da Independ\u00eancia <\/strong>com objetos, carros e panoramas das batalhas entre os principais objetos expostos. Seus jardins s\u00e3o bem cuidados e a vista \u00e9 incr\u00edvel. Entre as principais atra\u00e7\u00f5es do local est\u00e1 a troca da guarda, ali est\u00e3o reunidas as for\u00e7as armadas do Ex\u00e9rcito, Marinha e Aeron\u00e1utica. A entrada ao local \u00e9 gratuita tanto para a \u00e1rea externa quanto para o museu.<\/p>\n\n\n\n<figure class=\"wp-block-embed is-type-video is-provider-youtube wp-block-embed-youtube wp-embed-aspect-16-9 wp-has-aspect-ratio\"><div class=\"wp-block-embed__wrapper\">\n<iframe loading=\"lazy\" title=\"Ankara 1\" width=\"1290\" height=\"726\" src=\"https:\/\/www.youtube.com\/embed\/vAa9hxxpj1E?feature=oembed\" frameborder=\"0\" allow=\"accelerometer; autoplay; clipboard-write; encrypted-media; gyroscope; picture-in-picture; web-share\" referrerpolicy=\"strict-origin-when-cross-origin\" allowfullscreen><\/iframe>\n<\/div><\/figure>\n\n\n\n<figure class=\"wp-block-embed is-type-video is-provider-youtube wp-block-embed-youtube wp-embed-aspect-16-9 wp-has-aspect-ratio\"><div class=\"wp-block-embed__wrapper\">\n<iframe loading=\"lazy\" title=\"Ankara 2\" width=\"1290\" height=\"726\" src=\"https:\/\/www.youtube.com\/embed\/qYiiY7bOCL0?feature=oembed\" frameborder=\"0\" allow=\"accelerometer; autoplay; clipboard-write; encrypted-media; gyroscope; picture-in-picture; web-share\" referrerpolicy=\"strict-origin-when-cross-origin\" allowfullscreen><\/iframe>\n<\/div><\/figure>\n\n\n\nngg_shortcode_0_placeholder\n","protected":false},"excerpt":{"rendered":"<p>Fiz uma passagem muito r\u00e1pida pela cidade de Ankara, me juntei a um grupo de turistas que estavam fazendo o mesmo roteiro que eu e conheci pessoas incr\u00edveis,haviam argentinos, espanh\u00f3is e brasileiros. Minha principal parceira durante essa parte da viagem foi Ana Carolina Prado, que al\u00e9m de ser um mineira alegre e alto astral, tamb\u00e9m [&hellip;]<\/p>\n","protected":false},"author":2,"featured_media":4754,"comment_status":"closed","ping_status":"open","sticky":false,"template":"","format":"standard","meta":{"ngg_post_thumbnail":0,"_themeisle_gutenberg_block_has_review":false,"footnotes":""},"categories":[115,7],"tags":[],"class_list":["post-4730","post","type-post","status-publish","format-standard","has-post-thumbnail","hentry","category-turquia-2022","category-videos"],"blocksy_meta":[],"_links":{"self":[{"href":"https:\/\/www.foradacaixacoletivo.com.br\/openzine\/wp-json\/wp\/v2\/posts\/4730","targetHints":{"allow":["GET"]}}],"collection":[{"href":"https:\/\/www.foradacaixacoletivo.com.br\/openzine\/wp-json\/wp\/v2\/posts"}],"about":[{"href":"https:\/\/www.foradacaixacoletivo.com.br\/openzine\/wp-json\/wp\/v2\/types\/post"}],"author":[{"embeddable":true,"href":"https:\/\/www.foradacaixacoletivo.com.br\/openzine\/wp-json\/wp\/v2\/users\/2"}],"replies":[{"embeddable":true,"href":"https:\/\/www.foradacaixacoletivo.com.br\/openzine\/wp-json\/wp\/v2\/comments?post=4730"}],"version-history":[{"count":5,"href":"https:\/\/www.foradacaixacoletivo.com.br\/openzine\/wp-json\/wp\/v2\/posts\/4730\/revisions"}],"predecessor-version":[{"id":4757,"href":"https:\/\/www.foradacaixacoletivo.com.br\/openzine\/wp-json\/wp\/v2\/posts\/4730\/revisions\/4757"}],"wp:featuredmedia":[{"embeddable":true,"href":"https:\/\/www.foradacaixacoletivo.com.br\/openzine\/wp-json\/wp\/v2\/media\/4754"}],"wp:attachment":[{"href":"https:\/\/www.foradacaixacoletivo.com.br\/openzine\/wp-json\/wp\/v2\/media?parent=4730"}],"wp:term":[{"taxonomy":"category","embeddable":true,"href":"https:\/\/www.foradacaixacoletivo.com.br\/openzine\/wp-json\/wp\/v2\/categories?post=4730"},{"taxonomy":"post_tag","embeddable":true,"href":"https:\/\/www.foradacaixacoletivo.com.br\/openzine\/wp-json\/wp\/v2\/tags?post=4730"}],"curies":[{"name":"wp","href":"https:\/\/api.w.org\/{rel}","templated":true}]}}