{"id":4576,"date":"2022-05-13T18:12:58","date_gmt":"2022-05-13T21:12:58","guid":{"rendered":"https:\/\/www.foradacaixacoletivo.com.br\/openzine\/?p=4576"},"modified":"2022-11-21T11:04:26","modified_gmt":"2022-11-21T14:04:26","slug":"cappadocia-um-lugar-exotico-e-cheio-de-historia","status":"publish","type":"post","link":"https:\/\/www.foradacaixacoletivo.com.br\/openzine\/cappadocia-um-lugar-exotico-e-cheio-de-historia\/","title":{"rendered":"Cappadocia, um lugar ex\u00f3tico e cheio de hist\u00f3ria"},"content":{"rendered":"\n<figure class=\"wp-block-image size-full\"><img loading=\"lazy\" decoding=\"async\" width=\"600\" height=\"315\" src=\"https:\/\/www.foradacaixacoletivo.com.br\/openzine\/wp-content\/uploads\/2022\/05\/Posts-cappadocia.png\" alt=\"\" class=\"wp-image-4577\" srcset=\"https:\/\/www.foradacaixacoletivo.com.br\/openzine\/wp-content\/uploads\/2022\/05\/Posts-cappadocia.png 600w, https:\/\/www.foradacaixacoletivo.com.br\/openzine\/wp-content\/uploads\/2022\/05\/Posts-cappadocia-300x158.png 300w\" sizes=\"auto, (max-width: 600px) 100vw, 600px\" \/><\/figure>\n\n\n\n<p>Entre todos os locais lindos que visitamos, um dos mais ex\u00f3ticos sem d\u00favida \u00e9 a Cappadocia. Localizada em uma regi\u00e3o central e semi-\u00e1rida da Turquia, \u00e9 famosa por suas \u201cchamin\u00e9s de fadas\u201d, forma\u00e7\u00f5es rochosas em forma de cone que se encontram no Vale do Monges, em G\u00f6reme. Estas forma\u00e7\u00f5es foram utilizadas como casas na Idade do Bronze e mais tarde abrigaram as primeiras comunidades crist\u00e3s que ali podiam se proteger do frio e dos ataques na \u00e9poca Bizantina. O Vale de Ihalara, com 100 metros de profundidade, abriga v\u00e1rias igrejas esculpidas nas rochas.&nbsp;<\/p>\n\n\n\n<p>Visitamos uma das cavernas utilizadas como casa e os detalhes de como o espa\u00e7o era utilizado, suas depend\u00eancias, cozinha e dormit\u00f3rios impressionam. Certamente a vida ali n\u00e3o era f\u00e1cil mas ainda assim serviu de ref\u00fagio a muitas fam\u00edlias e seus animais.<\/p>\n\n\n\n<figure class=\"wp-block-embed is-type-video is-provider-youtube wp-block-embed-youtube wp-embed-aspect-16-9 wp-has-aspect-ratio\"><div class=\"wp-block-embed__wrapper\">\n<iframe loading=\"lazy\" title=\"Cappadocia 01\" width=\"1290\" height=\"726\" src=\"https:\/\/www.youtube.com\/embed\/x85zd1T57AM?feature=oembed\" frameborder=\"0\" allow=\"accelerometer; autoplay; clipboard-write; encrypted-media; gyroscope; picture-in-picture; web-share\" referrerpolicy=\"strict-origin-when-cross-origin\" allowfullscreen><\/iframe>\n<\/div><\/figure>\n\n\n\n<p><\/p>\n\n\n\n<figure class=\"wp-block-embed is-type-video is-provider-youtube wp-block-embed-youtube wp-embed-aspect-16-9 wp-has-aspect-ratio\"><div class=\"wp-block-embed__wrapper\">\n<iframe loading=\"lazy\" title=\"Cappadocia 02\" width=\"1290\" height=\"726\" src=\"https:\/\/www.youtube.com\/embed\/K-d6gjapX60?feature=oembed\" frameborder=\"0\" allow=\"accelerometer; autoplay; clipboard-write; encrypted-media; gyroscope; picture-in-picture; web-share\" referrerpolicy=\"strict-origin-when-cross-origin\" allowfullscreen><\/iframe>\n<\/div><\/figure>\n\n\n\n<p>A regi\u00e3o teve contato precoce com o cristianismo. Os Atos dos Ap\u00f3stolos relatam que os judeus da Capad\u00f3cia estavam presentes em Jerusal\u00e9m durante a descida do Esp\u00edrito Santo no Pentecostes (Atos 2:9), e a Primeira Ep\u00edstola de Pedro menciona a Capad\u00f3cia entre as comunidades crist\u00e3s perseguidas da \u00c1sia Menor (1 Pedro 1: 1). No s\u00e9culo 4, tr\u00eas te\u00f3logos da Capad\u00f3cia &#8211; Bas\u00edlio, o Grande, Greg\u00f3rio de Nissa e Greg\u00f3rio de Nazianzo &#8211; fizeram importantes contribui\u00e7\u00f5es ao pensamento crist\u00e3o em seus escritos, refutando o arianismo e elaborando a doutrina da Trindade.<\/p>\n\n\n\n<p>A posi\u00e7\u00e3o da Capad\u00f3cia no lado oriental do Imp\u00e9rio Bizantino a deixou aberta ao ataque. As invas\u00f5es de grupos tribais no s\u00e9culo V estimularam a constru\u00e7\u00e3o de fortifica\u00e7\u00f5es mais pesadas na \u00e1rea. Em 611, uma incurs\u00e3o do ex\u00e9rcito sass\u00e2nida devastou a capital da Capad\u00f3cia, Cesareia (moderna Kayseri). As invas\u00f5es \u00e1rabes na Capad\u00f3cia come\u00e7aram no s\u00e9culo VII e continuaram no s\u00e9culo X. Durante esses per\u00edodos de instabilidade, os grandes complexos de cavernas e t\u00faneis artificiais da Capad\u00f3cia podem ter sido constru\u00eddos ou ampliados a partir de estruturas existentes para uso como ref\u00fagios. No entanto, estabelecer datas precisas para sua constru\u00e7\u00e3o tem se mostrado dif\u00edcil.<\/p>\n\n\n\n<p>A Capad\u00f3cia desfrutou de um per\u00edodo de prosperidade nos s\u00e9culos X e XI que levou a um aumento na constru\u00e7\u00e3o de igrejas e mosteiros esculpidos na rocha. Muitas das igrejas sobreviventes deste per\u00edodo s\u00e3o ricamente decoradas. O Imp\u00e9rio Bizantino perdeu a Capad\u00f3cia permanentemente quando ficou sob o controle dos turcos selj\u00facidas na \u00e9poca em que derrotaram o ex\u00e9rcito bizantino na Batalha de Manziquerta em 1071.<\/p>\n\n\n\n<figure class=\"wp-block-embed is-type-video is-provider-youtube wp-block-embed-youtube wp-embed-aspect-16-9 wp-has-aspect-ratio\"><div class=\"wp-block-embed__wrapper\">\n<iframe loading=\"lazy\" title=\"Cappadocia 03\" width=\"1290\" height=\"726\" src=\"https:\/\/www.youtube.com\/embed\/FRNOkXMXI1s?feature=oembed\" frameborder=\"0\" allow=\"accelerometer; autoplay; clipboard-write; encrypted-media; gyroscope; picture-in-picture; web-share\" referrerpolicy=\"strict-origin-when-cross-origin\" allowfullscreen><\/iframe>\n<\/div><\/figure>\n\n\n\n<p>Um dos locais mais lindos para se fazer um passeio de bal\u00e3o, as imagens s\u00e3o bel\u00edssimas e completamente diferentes de qualquer outra regi\u00e3o no planeta Terra. Infelizmente n\u00e3o pudemos nos dar o luxo de fazer o passeio devido a uma forte tempestade de areia que nos acompanhou no per\u00edodo de nossa visita.&nbsp;<\/p>\n\n\n\n<figure class=\"wp-block-embed is-type-video is-provider-youtube wp-block-embed-youtube wp-embed-aspect-16-9 wp-has-aspect-ratio\"><div class=\"wp-block-embed__wrapper\">\n<iframe loading=\"lazy\" title=\"Cappadocia 04\" width=\"1290\" height=\"726\" src=\"https:\/\/www.youtube.com\/embed\/Nqc2FqzJkoA?feature=oembed\" frameborder=\"0\" allow=\"accelerometer; autoplay; clipboard-write; encrypted-media; gyroscope; picture-in-picture; web-share\" referrerpolicy=\"strict-origin-when-cross-origin\" allowfullscreen><\/iframe>\n<\/div><\/figure>\n\n\n\n<p>Foi dif\u00edcil at\u00e9 mesmo andar pelo local pois a for\u00e7a do vento e a areia trazida por ele nos deixou paralisados e completamente incapazes de abrir os olhos por um bom tempo\u2026sem falar na quantidade de areia que se alojou em nossas roupas e ouvidos. Pelas fotos voc\u00eas podem ter uma id\u00e9ia do que foi, notem os cabelos esvoa\u00e7ando ao vento e a tentativa de nos manter em p\u00e9, foi tenso.<\/p>\n\n\n\nngg_shortcode_0_placeholder\n","protected":false},"excerpt":{"rendered":"<p>Entre todos os locais lindos que visitamos, um dos mais ex\u00f3ticos sem d\u00favida \u00e9 a Cappadocia. Localizada em uma regi\u00e3o central e semi-\u00e1rida da Turquia, \u00e9 famosa por suas \u201cchamin\u00e9s de fadas\u201d, forma\u00e7\u00f5es rochosas em forma de cone que se encontram no Vale do Monges, em G\u00f6reme. Estas forma\u00e7\u00f5es foram utilizadas como casas na Idade [&hellip;]<\/p>\n","protected":false},"author":2,"featured_media":4578,"comment_status":"closed","ping_status":"open","sticky":false,"template":"","format":"standard","meta":{"ngg_post_thumbnail":0,"_themeisle_gutenberg_block_has_review":false,"footnotes":""},"categories":[115,7],"tags":[114],"class_list":["post-4576","post","type-post","status-publish","format-standard","has-post-thumbnail","hentry","category-turquia-2022","category-videos","tag-viagens"],"blocksy_meta":[],"_links":{"self":[{"href":"https:\/\/www.foradacaixacoletivo.com.br\/openzine\/wp-json\/wp\/v2\/posts\/4576","targetHints":{"allow":["GET"]}}],"collection":[{"href":"https:\/\/www.foradacaixacoletivo.com.br\/openzine\/wp-json\/wp\/v2\/posts"}],"about":[{"href":"https:\/\/www.foradacaixacoletivo.com.br\/openzine\/wp-json\/wp\/v2\/types\/post"}],"author":[{"embeddable":true,"href":"https:\/\/www.foradacaixacoletivo.com.br\/openzine\/wp-json\/wp\/v2\/users\/2"}],"replies":[{"embeddable":true,"href":"https:\/\/www.foradacaixacoletivo.com.br\/openzine\/wp-json\/wp\/v2\/comments?post=4576"}],"version-history":[{"count":11,"href":"https:\/\/www.foradacaixacoletivo.com.br\/openzine\/wp-json\/wp\/v2\/posts\/4576\/revisions"}],"predecessor-version":[{"id":4707,"href":"https:\/\/www.foradacaixacoletivo.com.br\/openzine\/wp-json\/wp\/v2\/posts\/4576\/revisions\/4707"}],"wp:featuredmedia":[{"embeddable":true,"href":"https:\/\/www.foradacaixacoletivo.com.br\/openzine\/wp-json\/wp\/v2\/media\/4578"}],"wp:attachment":[{"href":"https:\/\/www.foradacaixacoletivo.com.br\/openzine\/wp-json\/wp\/v2\/media?parent=4576"}],"wp:term":[{"taxonomy":"category","embeddable":true,"href":"https:\/\/www.foradacaixacoletivo.com.br\/openzine\/wp-json\/wp\/v2\/categories?post=4576"},{"taxonomy":"post_tag","embeddable":true,"href":"https:\/\/www.foradacaixacoletivo.com.br\/openzine\/wp-json\/wp\/v2\/tags?post=4576"}],"curies":[{"name":"wp","href":"https:\/\/api.w.org\/{rel}","templated":true}]}}