{"id":4016,"date":"2021-09-01T13:50:16","date_gmt":"2021-09-01T16:50:16","guid":{"rendered":"http:\/\/www.foradacaixacoletivo.com.br\/openzine\/?p=4016"},"modified":"2022-02-04T10:28:12","modified_gmt":"2022-02-04T13:28:12","slug":"editorial-setembro-2021","status":"publish","type":"post","link":"https:\/\/www.foradacaixacoletivo.com.br\/openzine\/editorial-setembro-2021\/","title":{"rendered":"Editorial &#8211; Setembro 2021"},"content":{"rendered":"\n<figure class=\"wp-block-image size-full\"><img loading=\"lazy\" decoding=\"async\" width=\"515\" height=\"515\" src=\"http:\/\/www.foradacaixacoletivo.com.br\/openzine\/wp-content\/uploads\/2021\/09\/Post_I-Festival-de-Primavera-Solidario.png\" alt=\"\" class=\"wp-image-4017\" srcset=\"https:\/\/www.foradacaixacoletivo.com.br\/openzine\/wp-content\/uploads\/2021\/09\/Post_I-Festival-de-Primavera-Solidario.png 515w, https:\/\/www.foradacaixacoletivo.com.br\/openzine\/wp-content\/uploads\/2021\/09\/Post_I-Festival-de-Primavera-Solidario-300x300.png 300w, https:\/\/www.foradacaixacoletivo.com.br\/openzine\/wp-content\/uploads\/2021\/09\/Post_I-Festival-de-Primavera-Solidario-150x150.png 150w\" sizes=\"auto, (max-width: 515px) 100vw, 515px\" \/><\/figure>\n\n\n\n<p class=\"wp-block-paragraph\">Amigos,<\/p>\n\n\n\n<p class=\"wp-block-paragraph\">\u00c9 chegado o tempo de florir! Ap\u00f3s um longo per\u00edodo de inverno na alma, estamos aos poucos recuperando nossa alegria, esperan\u00e7a e f\u00e9 em dias mais leves. Para celebrar a chegada da primavera, o coletivo cultural Fora da Caixa ir\u00e1 realizar uma programa\u00e7\u00e3o super especial: um dia inteiro de boa companhia, arte, m\u00fasica, comida, pr\u00e1ticas, reflex\u00f5es e solidariedade. Vem a\u00ed o <strong>I Festival de Primavera Solid\u00e1rio<\/strong>!&nbsp;<\/p>\n\n\n\n<p class=\"wp-block-paragraph\">Convidamos a todos para participar deste evento e celebra\u00e7\u00e3o. Vamos prestigiar nossos parceiros do Educand\u00e1rio e Instituto Andr\u00e9 Luiz, que promovem a educa\u00e7\u00e3o atrav\u00e9s da potencializa\u00e7\u00e3o de alunos da rede p\u00fablica para a conquista de bolsas de estudo nas melhores escolas particulares e universidades e para quem reverteremos o valor dos ingressos e as doa\u00e7\u00f5es de alimentos para as fam\u00edlias atendidas pela institui\u00e7\u00e3o.&nbsp;<\/p>\n\n\n\n<p class=\"wp-block-paragraph\">Conhe\u00e7a nossa programa\u00e7\u00e3o especial deste lindo dia de primavera:<\/p>\n\n\n\n<blockquote class=\"wp-block-quote is-layout-flow wp-block-quote-is-layout-flow\"><p><br>Dia 25\/09\/21 (S\u00e1bado) &#8211; das 9h \u00e0s 17h<\/p><p>Ingresso solid\u00e1rio: R$ 2,00 + 1 litro de leite ou 1 kg de alimento n\u00e3o perec\u00edvel<\/p><\/blockquote>\n\n\n\n<h2 class=\"wp-block-heading\"><br><strong>Programa\u00e7\u00e3o<\/strong>:<\/h2>\n\n\n\n<p class=\"wp-block-paragraph\">09:00 &#8211; Abertura<\/p>\n\n\n\n<p class=\"wp-block-paragraph\">09:30 &#8211; Aula de Yoga com Vanessa Fernandes<\/p>\n\n\n\n<p class=\"wp-block-paragraph\">10:30 &#8211; Medita\u00e7\u00e3o com Regina Proen\u00e7a<\/p>\n\n\n\n<p class=\"wp-block-paragraph\">11:30 &#8211; Roda de Mantras&nbsp;<\/p>\n\n\n\n<p class=\"wp-block-paragraph\">13:00 &#8211; Playlist com Dj Will Batista<\/p>\n\n\n\n<p class=\"wp-block-paragraph\">14:30 &#8211; Viv\u00eancia \u201cPrimavera na Alma\u201d com Carlos Eduardo Xavier + Apresenta\u00e7\u00e3o musical surpresa<\/p>\n\n\n\n<p class=\"wp-block-paragraph\">17:00 &#8211; Encerramento<\/p>\n\n\n\n<p class=\"wp-block-paragraph\"><\/p>\n\n\n\n<h2 class=\"wp-block-heading\"><strong>Expositores<\/strong><\/h2>\n\n\n\n<ul class=\"wp-block-list\"><li>Vizuveg &#8211; Alimentos Veganos<\/li><li>Nutrinativa\u00a0 &#8211; Alimentos Naturais<\/li><li>Casa Emp\u00f3rio Emp\u00f3rio Peabiru &#8211; Queijos e bebidas artesanais<\/li><li>L\u00f3tus Cosmetologia &#8211; Cosm\u00e9ticos\u00a0<\/li><li>Yanagita Hana &#8211; Bonecos de Pano<\/li><li>Tom de Mel &#8211; Bolsas de Crochet<\/li><li>A Sinuosa &#8211; Artigos em Crochet Moderno<\/li><li>Gigi Nana &#8211; Pijameria<\/li><li>Erika Mendon\u00e7a &#8211; Artesanato em Mdf e Cer\u00e2mica<\/li><li>Ana Cris &#8211; Artesanato e kits personalizados<\/li><li>Deb Ferreira Store &#8211; Roupas e Acess\u00f3rios<\/li><li>Gaya Dreams &#8211; Produtos Indianos, velas e orgonites<\/li><li>Adriana Novaes &#8211; Quick Massagem<\/li><li>Spa\u00e7o Creuza Celio &#8211; Cosm\u00e9ticos<\/li><\/ul>\n\n\n\n<p class=\"wp-block-paragraph\"><\/p>\n\n\n\n<p class=\"wp-block-paragraph\">At\u00e9 l\u00e1!<\/p>\n","protected":false},"excerpt":{"rendered":"<p>Amigos, \u00c9 chegado o tempo de florir! Ap\u00f3s um longo per\u00edodo de inverno na alma, estamos aos poucos recuperando nossa alegria, esperan\u00e7a e f\u00e9 em dias mais leves. Para celebrar a chegada da primavera, o coletivo cultural Fora da Caixa ir\u00e1 realizar uma programa\u00e7\u00e3o super especial: um dia inteiro de boa companhia, arte, m\u00fasica, comida, [&hellip;]<\/p>\n","protected":false},"author":2,"featured_media":4018,"comment_status":"closed","ping_status":"open","sticky":false,"template":"","format":"standard","meta":{"ngg_post_thumbnail":0,"_themeisle_gutenberg_block_has_review":false,"footnotes":""},"categories":[2],"tags":[],"class_list":["post-4016","post","type-post","status-publish","format-standard","has-post-thumbnail","hentry","category-editorial"],"blocksy_meta":{"styles_descriptor":{"styles":{"desktop":"","tablet":"","mobile":""},"google_fonts":[],"version":7}},"_links":{"self":[{"href":"https:\/\/www.foradacaixacoletivo.com.br\/openzine\/wp-json\/wp\/v2\/posts\/4016","targetHints":{"allow":["GET"]}}],"collection":[{"href":"https:\/\/www.foradacaixacoletivo.com.br\/openzine\/wp-json\/wp\/v2\/posts"}],"about":[{"href":"https:\/\/www.foradacaixacoletivo.com.br\/openzine\/wp-json\/wp\/v2\/types\/post"}],"author":[{"embeddable":true,"href":"https:\/\/www.foradacaixacoletivo.com.br\/openzine\/wp-json\/wp\/v2\/users\/2"}],"replies":[{"embeddable":true,"href":"https:\/\/www.foradacaixacoletivo.com.br\/openzine\/wp-json\/wp\/v2\/comments?post=4016"}],"version-history":[{"count":1,"href":"https:\/\/www.foradacaixacoletivo.com.br\/openzine\/wp-json\/wp\/v2\/posts\/4016\/revisions"}],"predecessor-version":[{"id":4019,"href":"https:\/\/www.foradacaixacoletivo.com.br\/openzine\/wp-json\/wp\/v2\/posts\/4016\/revisions\/4019"}],"wp:featuredmedia":[{"embeddable":true,"href":"https:\/\/www.foradacaixacoletivo.com.br\/openzine\/wp-json\/wp\/v2\/media\/4018"}],"wp:attachment":[{"href":"https:\/\/www.foradacaixacoletivo.com.br\/openzine\/wp-json\/wp\/v2\/media?parent=4016"}],"wp:term":[{"taxonomy":"category","embeddable":true,"href":"https:\/\/www.foradacaixacoletivo.com.br\/openzine\/wp-json\/wp\/v2\/categories?post=4016"},{"taxonomy":"post_tag","embeddable":true,"href":"https:\/\/www.foradacaixacoletivo.com.br\/openzine\/wp-json\/wp\/v2\/tags?post=4016"}],"curies":[{"name":"wp","href":"https:\/\/api.w.org\/{rel}","templated":true}]}}