{"id":4007,"date":"2021-08-12T16:39:00","date_gmt":"2021-08-12T19:39:00","guid":{"rendered":"http:\/\/www.foradacaixacoletivo.com.br\/openzine\/?p=4007"},"modified":"2026-02-08T06:44:37","modified_gmt":"2026-02-08T09:44:37","slug":"os-chakras-e-a-vibracao-da-musica","status":"publish","type":"post","link":"https:\/\/www.foradacaixacoletivo.com.br\/openzine\/os-chakras-e-a-vibracao-da-musica\/","title":{"rendered":"Os Chakras e a Vibra\u00e7\u00e3o da M\u00fasica"},"content":{"rendered":"\n<figure class=\"wp-block-image size-full\"><img loading=\"lazy\" decoding=\"async\" width=\"515\" height=\"371\" src=\"http:\/\/www.foradacaixacoletivo.com.br\/openzine\/wp-content\/uploads\/2021\/08\/spiritualism-4552237_post.jpg\" alt=\"\" class=\"wp-image-4008\" srcset=\"https:\/\/www.foradacaixacoletivo.com.br\/openzine\/wp-content\/uploads\/2021\/08\/spiritualism-4552237_post.jpg 515w, https:\/\/www.foradacaixacoletivo.com.br\/openzine\/wp-content\/uploads\/2021\/08\/spiritualism-4552237_post-300x216.jpg 300w\" sizes=\"auto, (max-width: 515px) 100vw, 515px\" \/><\/figure>\n\n\n\n<p class=\"wp-block-paragraph\">Atrav\u00e9s da vibra\u00e7\u00e3o da m\u00fasica e mentaliza\u00e7\u00f5es iremos conduzir um processo de ativa\u00e7\u00e3o e equil\u00edbrio da energia f\u00edsica e sutil dos participantes.<\/p>\n\n\n\n<p class=\"wp-block-paragraph\">Durante a viv\u00eancia ser\u00e3o apresentados diferentes sons de instrumentos que est\u00e3o relacionados com o padr\u00e3o de energia de cada chakra, o processo ser\u00e1 realizado atrav\u00e9s da contempla\u00e7\u00e3o e relaxamento.<\/p>\n\n\n\n<p class=\"wp-block-paragraph\">O programa ser\u00e1 conduzido por Regina Proen\u00e7a, filosofa, instrutora de medita\u00e7\u00e3o e Vanessa Fernandes, professora de Yoga, musicista e terapeuta do Som.<\/p>\n\n\n\n<p class=\"wp-block-paragraph\">28\/08 &#8211; S\u00e1bado &#8211; 9h30<\/p>\n\n\n\n<p class=\"wp-block-paragraph\">Os convites s\u00e3o limitados e custam R$ 25,00.<\/p>\n\n\n\n<p class=\"wp-block-paragraph\">*Vendas antecipadas atrav\u00e9s de dep\u00f3sito banc\u00e1rio ou pix.<\/p>\n\n\n\n<p class=\"wp-block-paragraph\">Mais informa\u00e7\u00f5es: telefone\/whatsapp (15) 9.9803-3180 ou&nbsp;<strong><em><a href=\"mailto:contato@foradacaixacoletivo.com.br\">contato@foradacaixacoletivo.com.br<\/a><\/em><\/strong><\/p>\n","protected":false},"excerpt":{"rendered":"<p>Atrav\u00e9s da vibra\u00e7\u00e3o da m\u00fasica e mentaliza\u00e7\u00f5es iremos conduzir um processo de ativa\u00e7\u00e3o e equil\u00edbrio da energia f\u00edsica e sutil dos participantes. Durante a viv\u00eancia ser\u00e3o apresentados diferentes sons de instrumentos que est\u00e3o relacionados com o padr\u00e3o de energia de cada chakra, o processo ser\u00e1 realizado atrav\u00e9s da contempla\u00e7\u00e3o e relaxamento. O programa ser\u00e1 conduzido [&hellip;]<\/p>\n","protected":false},"author":2,"featured_media":4009,"comment_status":"closed","ping_status":"open","sticky":false,"template":"","format":"standard","meta":{"ngg_post_thumbnail":0,"_themeisle_gutenberg_block_has_review":false,"footnotes":""},"categories":[35],"tags":[],"class_list":["post-4007","post","type-post","status-publish","format-standard","has-post-thumbnail","hentry","category-eventos"],"blocksy_meta":{"styles_descriptor":{"styles":{"desktop":"","tablet":"","mobile":""},"google_fonts":[],"version":7}},"_links":{"self":[{"href":"https:\/\/www.foradacaixacoletivo.com.br\/openzine\/wp-json\/wp\/v2\/posts\/4007","targetHints":{"allow":["GET"]}}],"collection":[{"href":"https:\/\/www.foradacaixacoletivo.com.br\/openzine\/wp-json\/wp\/v2\/posts"}],"about":[{"href":"https:\/\/www.foradacaixacoletivo.com.br\/openzine\/wp-json\/wp\/v2\/types\/post"}],"author":[{"embeddable":true,"href":"https:\/\/www.foradacaixacoletivo.com.br\/openzine\/wp-json\/wp\/v2\/users\/2"}],"replies":[{"embeddable":true,"href":"https:\/\/www.foradacaixacoletivo.com.br\/openzine\/wp-json\/wp\/v2\/comments?post=4007"}],"version-history":[{"count":2,"href":"https:\/\/www.foradacaixacoletivo.com.br\/openzine\/wp-json\/wp\/v2\/posts\/4007\/revisions"}],"predecessor-version":[{"id":4011,"href":"https:\/\/www.foradacaixacoletivo.com.br\/openzine\/wp-json\/wp\/v2\/posts\/4007\/revisions\/4011"}],"wp:featuredmedia":[{"embeddable":true,"href":"https:\/\/www.foradacaixacoletivo.com.br\/openzine\/wp-json\/wp\/v2\/media\/4009"}],"wp:attachment":[{"href":"https:\/\/www.foradacaixacoletivo.com.br\/openzine\/wp-json\/wp\/v2\/media?parent=4007"}],"wp:term":[{"taxonomy":"category","embeddable":true,"href":"https:\/\/www.foradacaixacoletivo.com.br\/openzine\/wp-json\/wp\/v2\/categories?post=4007"},{"taxonomy":"post_tag","embeddable":true,"href":"https:\/\/www.foradacaixacoletivo.com.br\/openzine\/wp-json\/wp\/v2\/tags?post=4007"}],"curies":[{"name":"wp","href":"https:\/\/api.w.org\/{rel}","templated":true}]}}