{"id":3775,"date":"2021-03-01T08:00:00","date_gmt":"2021-03-01T11:00:00","guid":{"rendered":"http:\/\/www.foradacaixacoletivo.com.br\/openzine\/?p=3775"},"modified":"2021-03-01T14:09:54","modified_gmt":"2021-03-01T17:09:54","slug":"editorial-marco-2021","status":"publish","type":"post","link":"https:\/\/www.foradacaixacoletivo.com.br\/openzine\/editorial-marco-2021\/","title":{"rendered":"Editorial &#8211; Mar\u00e7o 2021"},"content":{"rendered":"\n<figure class=\"wp-block-image size-large is-style-default\"><img loading=\"lazy\" decoding=\"async\" width=\"515\" height=\"219\" src=\"http:\/\/www.foradacaixacoletivo.com.br\/openzine\/wp-content\/uploads\/2021\/03\/fachada-gandhi.jpg\" alt=\"\" class=\"wp-image-3776\" srcset=\"https:\/\/www.foradacaixacoletivo.com.br\/openzine\/wp-content\/uploads\/2021\/03\/fachada-gandhi.jpg 515w, https:\/\/www.foradacaixacoletivo.com.br\/openzine\/wp-content\/uploads\/2021\/03\/fachada-gandhi-300x128.jpg 300w\" sizes=\"auto, (max-width: 515px) 100vw, 515px\" \/><\/figure>\n\n\n\n<p>Editorial \u2013 Mar\u00e7o 2021<\/p>\n\n\n\n<p>Sauda\u00e7\u00f5es!<\/p>\n\n\n\n<p>Com o in\u00edcio do ano astrol\u00f3gico e a chegada do Equin\u00f3cio, decidimos realizar o I Festival de Outono, no dia 20\/03\/21 em nosso espa\u00e7o colaborativo Ecoworkshop. Cientes da gravidade do momento em que nos encontramos, decidimos por uma programa\u00e7\u00e3o com n\u00famero limitado de participantes, que ser\u00e1 realizada em local ao ar livre e respeitando todos os protocolos de seguran\u00e7a e distanciamento social.&nbsp;<\/p>\n\n\n\n<p>Nosso espa\u00e7o foi planejado e pensado para acolher as novas condi\u00e7\u00f5es de seguran\u00e7a e o \u201cnovo\u201d normal. Assim, convidamos nossos amigos, alunos e parceiros a conhecerem a nova sede do Coletivo Fora da Caixa e Ecoworkshop.<\/p>\n\n\n\n<hr class=\"wp-block-separator\"\/>\n\n\n\n<div class=\"wp-block-webfactory-map\"><div class=\"wp-block-webfactory-map\"><iframe loading=\"lazy\" width=\"100%\" height=\"400px\" src=\"https:\/\/www.google.com\/maps\/embed\/v1\/place?q=rua%20bar%C3%A3o%20de%20piratininga%2C%20286%20-%20Sorocaba%20-%20SP&amp;maptype=roadmap&amp;zoom=16&amp;key=AIzaSyAjyDspiPfzEfjRSS5fQzm-3jHFjHxeXB4\" frameborder=\"0\"><\/iframe><\/div><\/div>\n\n\n\n<hr class=\"wp-block-separator\"\/>\n\n\n\n<p>Ao longo de nossa programa\u00e7\u00e3o, teremos oficinas, pr\u00e1tica de medita\u00e7\u00e3o, yoga e uma palestra inspiradora com o Professor Xavier sobre a simbologia do Equin\u00f3cio. Al\u00e9m da programa\u00e7\u00e3o cultural, haver\u00e1 expositores com produtos indianos, pe\u00e7as de decora\u00e7\u00e3o, lindos artesanatos, roupas, alimentos naturais e muito mais.&nbsp;<\/p>\n\n\n\n<p>A entrada no evento ser\u00e1 <strong>1 litro de leite<\/strong> ou <strong>1 Kg de alimento n\u00e3o perec\u00edvel<\/strong>. <br>As inscri\u00e7\u00f5es devem ser feitas antecipadamente para evitar aglomera\u00e7\u00f5es e manter o controle em rela\u00e7\u00e3o ao distanciamento.<br>Ser\u00e1 proibida a entrada e\/ou circula\u00e7\u00e3o em nosso espa\u00e7o sem o uso de m\u00e1scara.<\/p>\n\n\n\n<blockquote class=\"wp-block-quote is-layout-flow wp-block-quote-is-layout-flow\"><p><strong><em><a rel=\"noreferrer noopener\" href=\"http:\/\/www.foradacaixacoletivo.com.br\/openzine\/i-festival-de-outono-cultura-arte-gastronomia-e-solidariedade\/\" target=\"_blank\">Clique aqui e confira o<\/a><\/em><\/strong> <strong><em><a rel=\"noreferrer noopener\" href=\"http:\/\/www.foradacaixacoletivo.com.br\/openzine\/i-festival-de-outono-cultura-arte-gastronomia-e-solidariedade\/\" target=\"_blank\">cronograma<\/a><\/em><\/strong> <strong><em><a rel=\"noreferrer noopener\" href=\"http:\/\/www.foradacaixacoletivo.com.br\/openzine\/i-festival-de-outono-cultura-arte-gastronomia-e-solidariedade\/\" target=\"_blank\">do nosso evento<\/a><\/em><\/strong> <strong><em><a rel=\"noreferrer noopener\" href=\"http:\/\/www.foradacaixacoletivo.com.br\/openzine\/i-festival-de-outono-cultura-arte-gastronomia-e-solidariedade\/\" target=\"_blank\">e a lista de expositores<\/a><\/em><\/strong> <a rel=\"noreferrer noopener\" href=\"http:\/\/www.foradacaixacoletivo.com.br\/openzine\/i-festival-de-outono-cultura-arte-gastronomia-e-solidariedade\/\" target=\"_blank\"><strong><em>que ir\u00e3o abrilhantar nosso festival.<\/em><\/strong><\/a><\/p><\/blockquote>\n\n\n\n<p>Ser\u00e1 uma alegria receb\u00ea-los!<\/p>\n\n\n\n<p><strong><em>Regina Proen\u00e7a<\/em><\/strong><\/p>\n","protected":false},"excerpt":{"rendered":"<p>Editorial \u2013 Mar\u00e7o 2021 Sauda\u00e7\u00f5es! Com o in\u00edcio do ano astrol\u00f3gico e a chegada do Equin\u00f3cio, decidimos realizar o I Festival de Outono, no dia 20\/03\/21 em nosso espa\u00e7o colaborativo Ecoworkshop. Cientes da gravidade do momento em que nos encontramos, decidimos por uma programa\u00e7\u00e3o com n\u00famero limitado de participantes, que ser\u00e1 realizada em local ao [&hellip;]<\/p>\n","protected":false},"author":2,"featured_media":3776,"comment_status":"open","ping_status":"open","sticky":false,"template":"","format":"standard","meta":{"ngg_post_thumbnail":0,"_themeisle_gutenberg_block_has_review":false,"footnotes":""},"categories":[2],"tags":[],"class_list":["post-3775","post","type-post","status-publish","format-standard","has-post-thumbnail","hentry","category-editorial"],"blocksy_meta":[],"_links":{"self":[{"href":"https:\/\/www.foradacaixacoletivo.com.br\/openzine\/wp-json\/wp\/v2\/posts\/3775","targetHints":{"allow":["GET"]}}],"collection":[{"href":"https:\/\/www.foradacaixacoletivo.com.br\/openzine\/wp-json\/wp\/v2\/posts"}],"about":[{"href":"https:\/\/www.foradacaixacoletivo.com.br\/openzine\/wp-json\/wp\/v2\/types\/post"}],"author":[{"embeddable":true,"href":"https:\/\/www.foradacaixacoletivo.com.br\/openzine\/wp-json\/wp\/v2\/users\/2"}],"replies":[{"embeddable":true,"href":"https:\/\/www.foradacaixacoletivo.com.br\/openzine\/wp-json\/wp\/v2\/comments?post=3775"}],"version-history":[{"count":9,"href":"https:\/\/www.foradacaixacoletivo.com.br\/openzine\/wp-json\/wp\/v2\/posts\/3775\/revisions"}],"predecessor-version":[{"id":3811,"href":"https:\/\/www.foradacaixacoletivo.com.br\/openzine\/wp-json\/wp\/v2\/posts\/3775\/revisions\/3811"}],"wp:featuredmedia":[{"embeddable":true,"href":"https:\/\/www.foradacaixacoletivo.com.br\/openzine\/wp-json\/wp\/v2\/media\/3776"}],"wp:attachment":[{"href":"https:\/\/www.foradacaixacoletivo.com.br\/openzine\/wp-json\/wp\/v2\/media?parent=3775"}],"wp:term":[{"taxonomy":"category","embeddable":true,"href":"https:\/\/www.foradacaixacoletivo.com.br\/openzine\/wp-json\/wp\/v2\/categories?post=3775"},{"taxonomy":"post_tag","embeddable":true,"href":"https:\/\/www.foradacaixacoletivo.com.br\/openzine\/wp-json\/wp\/v2\/tags?post=3775"}],"curies":[{"name":"wp","href":"https:\/\/api.w.org\/{rel}","templated":true}]}}