{"id":3419,"date":"2020-01-02T12:44:31","date_gmt":"2020-01-02T14:44:31","guid":{"rendered":"http:\/\/www.foradacaixacoletivo.com.br\/openzine\/?p=3419"},"modified":"2026-02-08T06:43:54","modified_gmt":"2026-02-08T09:43:54","slug":"programas-de-cultura-de-paz-2020-entrevistas-para-bolsas","status":"publish","type":"post","link":"https:\/\/www.foradacaixacoletivo.com.br\/openzine\/programas-de-cultura-de-paz-2020-entrevistas-para-bolsas\/","title":{"rendered":"Programas de Cultura de Paz 2020 &#8211; Entrevistas para Bolsas"},"content":{"rendered":"\n<figure class=\"wp-block-image size-large\"><img loading=\"lazy\" decoding=\"async\" width=\"640\" height=\"360\" src=\"http:\/\/www.foradacaixacoletivo.com.br\/openzine\/wp-content\/uploads\/2020\/01\/paper-3033204_640.jpg\" alt=\"\" class=\"wp-image-3420\" srcset=\"https:\/\/www.foradacaixacoletivo.com.br\/openzine\/wp-content\/uploads\/2020\/01\/paper-3033204_640.jpg 640w, https:\/\/www.foradacaixacoletivo.com.br\/openzine\/wp-content\/uploads\/2020\/01\/paper-3033204_640-300x169.jpg 300w\" sizes=\"auto, (max-width: 640px) 100vw, 640px\" \/><\/figure>\n\n\n\n<p>Agendamento de entrevistas para bolsas e descontos durante Janeiro &#8211; Inicio dos programas em Fevereiro<\/p>\n\n\n\n<p>Estamos selecionando alunos e professores de escolas p\u00fablicas, jovens e adultos que tenham interesse em aprender medita\u00e7\u00e3o, escuta emp\u00e1tica e as estrat\u00e9gias de cultura de paz e n\u00e3o-viol\u00eancia. H\u00e1 a possibilidade de descontos e\/ou bolsas, informe-se sobre os crit\u00e9rios e o <strong>prazo de inscri\u00e7\u00e3o ser\u00e1 de 02 a 31 de Janeiro de 2020.<\/strong><\/p>\n\n\n\n<p>S\u00e3o dois programas:<\/p>\n\n\n\n<p><strong>Educa\u00e7\u00e3o para Paz<\/strong> &#8211; destinado \u00e0 adultos, professores, gestores e indiv\u00edduos que realizam trabalhos volunt\u00e1rios na comunidade. Ser\u00e3o oferecidas 20 vagas e h\u00e1 a possibilidade de bolsas e\/ou descontos para professores da rede p\u00fablica ou indiv\u00edduos que realizarem trabalhos volunt\u00e1rios em na comunidade. Para participar \u00e9 necess\u00e1rio o agendamento de uma entrevista entre os dias 02 a 31 de Janeiro, onde explicaremos todas as etapas do programa, bem como os crit\u00e9rios para o recebimento de bolsas ou descontos.<\/p>\n\n\n\n<p><strong>Lideran\u00e7a para o Futuro<\/strong> &#8211; programa destinado a crian\u00e7as (a partir de 10 anos) e jovens. Os encontros ser\u00e3o semanais e realizados em nossa sede. Promoveremos reflex\u00f5es sobre temas fundamentais no desenvolvimento da intelig\u00eancia emocional e social e \u00e9tica. Os participantes aprender\u00e3o a meditar, dialogar com respeito, ouvir empaticamente e discordar com eleg\u00e2ncia. Respeitando direitos humanos e individuais. Aprendizados que podem nos auxiliar muito neste momento pol\u00edtico-social-ambiental que estamos atravessando. Precisamos preparar as condi\u00e7\u00f5es para um futuro onde hajam melhores escolhas e possibilitem a auto realiza\u00e7\u00e3o e conviv\u00eancia harm\u00f4nica. Mudan\u00e7as s\u00e3o necess\u00e1rias e elas devem ser forjadas pela toler\u00e2ncia, altru\u00edsmo e atua\u00e7\u00e3o direta na sociedade.<\/p>\n\n\n\n<p>Quer fazer a diferen\u00e7a? Seja parte da mudan\u00e7a!<br>Seja um multiplicador da Cultura de Paz!<\/p>\n\n\n\n<p>Os cursos come\u00e7am em fevereiro, n\u00e3o ser\u00e3o aceitas inscri\u00e7\u00f5es fora do prazo estipulado. Os interessados devem entrar em contato conosco pelo email: <a href=\"mailto:contato@foradacaixacoletivo.com.br\" target=\"_blank\" rel=\"noreferrer noopener\" aria-label=\"contato@foradacaixacoletivo.com.br (abre em uma nova aba)\"><em><strong>contato@foradacaixacoletivo.com.br<\/strong><\/em><\/a> para receber o formul\u00e1rio de inscri\u00e7\u00e3o e agendar entrevista para concorrer a descontos e bolsas.<\/p>\n\n\n\n<p>Para os interessados em participar e n\u00e3o se encaixam no crit\u00e9rio de bolsas o valor da mensalidade ser\u00e1 de R$ 200,00 e a inscri\u00e7\u00e3o deve ser feita atrav\u00e9s de deposito banc\u00e1rio at\u00e9 dia 12\/02 e enviar comprovante <em><strong><a rel=\"noreferrer noopener\" aria-label=\"inbox (abre em uma nova aba)\" href=\"https:\/\/www.facebook.com\/events\/550744499049929\/\" target=\"_blank\">inbox<\/a><\/strong><\/em><br><\/p>\n","protected":false},"excerpt":{"rendered":"<p>Agendamento de entrevistas para bolsas e descontos durante Janeiro &#8211; Inicio dos programas em Fevereiro Estamos selecionando alunos e professores de escolas p\u00fablicas, jovens e adultos que tenham interesse em aprender medita\u00e7\u00e3o, escuta emp\u00e1tica e as estrat\u00e9gias de cultura de paz e n\u00e3o-viol\u00eancia. H\u00e1 a possibilidade de descontos e\/ou bolsas, informe-se sobre os crit\u00e9rios e [&hellip;]<\/p>\n","protected":false},"author":2,"featured_media":3420,"comment_status":"open","ping_status":"open","sticky":false,"template":"","format":"standard","meta":{"ngg_post_thumbnail":0,"_themeisle_gutenberg_block_has_review":false,"footnotes":""},"categories":[48,230],"tags":[],"class_list":["post-3419","post","type-post","status-publish","format-standard","has-post-thumbnail","hentry","category-cursos","category-workshop"],"blocksy_meta":[],"_links":{"self":[{"href":"https:\/\/www.foradacaixacoletivo.com.br\/openzine\/wp-json\/wp\/v2\/posts\/3419","targetHints":{"allow":["GET"]}}],"collection":[{"href":"https:\/\/www.foradacaixacoletivo.com.br\/openzine\/wp-json\/wp\/v2\/posts"}],"about":[{"href":"https:\/\/www.foradacaixacoletivo.com.br\/openzine\/wp-json\/wp\/v2\/types\/post"}],"author":[{"embeddable":true,"href":"https:\/\/www.foradacaixacoletivo.com.br\/openzine\/wp-json\/wp\/v2\/users\/2"}],"replies":[{"embeddable":true,"href":"https:\/\/www.foradacaixacoletivo.com.br\/openzine\/wp-json\/wp\/v2\/comments?post=3419"}],"version-history":[{"count":2,"href":"https:\/\/www.foradacaixacoletivo.com.br\/openzine\/wp-json\/wp\/v2\/posts\/3419\/revisions"}],"predecessor-version":[{"id":3426,"href":"https:\/\/www.foradacaixacoletivo.com.br\/openzine\/wp-json\/wp\/v2\/posts\/3419\/revisions\/3426"}],"wp:featuredmedia":[{"embeddable":true,"href":"https:\/\/www.foradacaixacoletivo.com.br\/openzine\/wp-json\/wp\/v2\/media\/3420"}],"wp:attachment":[{"href":"https:\/\/www.foradacaixacoletivo.com.br\/openzine\/wp-json\/wp\/v2\/media?parent=3419"}],"wp:term":[{"taxonomy":"category","embeddable":true,"href":"https:\/\/www.foradacaixacoletivo.com.br\/openzine\/wp-json\/wp\/v2\/categories?post=3419"},{"taxonomy":"post_tag","embeddable":true,"href":"https:\/\/www.foradacaixacoletivo.com.br\/openzine\/wp-json\/wp\/v2\/tags?post=3419"}],"curies":[{"name":"wp","href":"https:\/\/api.w.org\/{rel}","templated":true}]}}