{"id":1954,"date":"2018-04-02T09:23:06","date_gmt":"2018-04-02T12:23:06","guid":{"rendered":"http:\/\/www.foradacaixacoletivo.com.br\/openzine\/?p=1954"},"modified":"2018-04-03T08:59:31","modified_gmt":"2018-04-03T11:59:31","slug":"editorial-abril-2018","status":"publish","type":"post","link":"https:\/\/www.foradacaixacoletivo.com.br\/openzine\/editorial-abril-2018\/","title":{"rendered":"Editorial \u2013 Abril 2018"},"content":{"rendered":"<p><strong><img loading=\"lazy\" decoding=\"async\" class=\"size-medium wp-image-1956 alignleft\" src=\"http:\/\/www.foradacaixacoletivo.com.br\/openzine\/wp-content\/uploads\/2018\/04\/samuel-zeller-358865-post-300x200.jpg\" alt=\"Photo by Samuel Zeller on Unsplash\" width=\"300\" height=\"200\" srcset=\"https:\/\/www.foradacaixacoletivo.com.br\/openzine\/wp-content\/uploads\/2018\/04\/samuel-zeller-358865-post-300x200.jpg 300w, https:\/\/www.foradacaixacoletivo.com.br\/openzine\/wp-content\/uploads\/2018\/04\/samuel-zeller-358865-post.jpg 575w\" sizes=\"auto, (max-width: 300px) 100vw, 300px\" \/><\/strong><\/p>\n<p><strong>Editorial \u2013 Abril 2018<\/strong><\/p>\n<p>Caros amigos,<\/p>\n<p>Estamos muito contentes em compartilhar as not\u00edcias sobre a expans\u00e3o de nossos projetos e a programa\u00e7\u00e3o cultural de abril. Vamos relembrar o legado de <strong><a href=\"http:\/\/www.foradacaixacoletivo.com.br\/openzine\/?s=martin+luther\" target=\"_blank\" rel=\"noopener\">Martin Luther King<\/a><\/strong>, honrar sua mem\u00f3ria e buscar inspira\u00e7\u00f5es em suas reflex\u00f5es. Infelizmente vivemos um momento cr\u00edtico onde a intoler\u00e2ncia, a viol\u00eancia e a falta de di\u00e1logo est\u00e3o cada vez mais presentes e precisamos buscar urgentemente uma solu\u00e7\u00e3o que busque a uni\u00e3o e aceita\u00e7\u00e3o das diferen\u00e7as, temas que encontramos no texto \u201cA Casa Mundial\u201d, onde Luther King nos prop\u00f5e o empasse: N\u00e3o-viol\u00eancia ou Extin\u00e7\u00e3o.<\/p>\n<p>Outro tema que decidimos abordar em nossa programa\u00e7\u00e3o \u00e9 a quest\u00e3o dos ind\u00edgenas. No dia 19 comemora-se o dia do \u00cdndio e, para ser bem sincera, n\u00e3o acredito que eles tenham algo para comemorar. Por\u00e9m, na tentativa de lan\u00e7ar luz a esta quest\u00e3o e tir\u00e1-la da invisibilidade, refletiremos sobre nossa ignor\u00e2ncia, indiferen\u00e7a e culpa por permitir que eles sejam esquecidos, abandonados e mortos.<\/p>\n<p>Com enorme satisfa\u00e7\u00e3o, anunciamos nossa parceira com o <a href=\"https:\/\/www.facebook.com\/pg\/educandarioeinstitutoandreluiz\/\" target=\"_blank\" rel=\"noopener\"><strong>Educand\u00e1rio Andr\u00e9 Luiz<\/strong><\/a>, entidade que trabalha no sentido de potencializar alunos da rede p\u00fablica para obterem sucesso acad\u00eamico na forma de bolsas de estudo e capacita\u00e7\u00e3o para exames de qualifica\u00e7\u00e3o. A proposta n\u00e3o \u00e9 assistencialista e busca contribuir com alunos que est\u00e3o determinados e estudam intensamente para atingir seus prop\u00f3sitos. Inicialmente, nossa participa\u00e7\u00e3o ser\u00e1 com o projeto <strong><a href=\"http:\/\/www.foradacaixacoletivo.com.br\/openzine\/?s=free+english\" target=\"_blank\" rel=\"noopener\">Free English<\/a><\/strong>, que contar\u00e1 com duas turmas &#8211; ser\u00e3o aulas de ingl\u00eas com o m\u00e9todo <a href=\"https:\/\/www.facebook.com\/groups\/1443602342538665\/\" target=\"_blank\" rel=\"noopener\"><strong>Bright Way<\/strong><\/a>, que oferecer\u00e1 aos participantes uma oportunidade de aprender a ler e falar ingl\u00eas fluentemente. A entidade est\u00e1 com as inscri\u00e7\u00f5es abertas para o processo seletivo. Conhe\u00e7am a proposta inovadora em nossa mat\u00e9ria completa, com detalhes, fotos e links. Em breve, postaremos os outros projetos que realizaremos em parceria com o Educand\u00e1rio. Agradecemos quem puder ajudar na divulga\u00e7\u00e3o.<\/p>\n<p>Acreditamos que devemos agir na comunidade ao inv\u00e9s de discursar sobre os problemas antigos e novos, somente assim avan\u00e7aremos em nosso caminho rumo \u00e0 conquista da verdadeira Humanidade. Seja parte da mudan\u00e7a e participe da busca de solu\u00e7\u00f5es para os problemas com a\u00e7\u00f5es inclusivas e justas. Assim, quem sabe, num futuro n\u00e3o muito distante, seremos capazes de dormir em paz com nossa consci\u00eancia. Apesar de insuficientes e singelas, temos a convic\u00e7\u00e3o de que com nossas iniciativas estamos contribuindo para elevar a consci\u00eancia e abrir o cora\u00e7\u00e3o dos que participam de nossos projetos. Pode n\u00e3o ser muito, mas um pouco de alguma coisa \u00e9 melhor que muito de nada.<\/p>\n<p>Se formos capazes de fazer as pequenas a\u00e7\u00f5es, as grandes se tornar\u00e3o mais poss\u00edveis&#8230;<\/p>\n<p>M\u00e3os em prece,<br \/>\n<strong>Regina Proen\u00e7a<\/strong><\/p>\n<p>&nbsp;<\/p>\n","protected":false},"excerpt":{"rendered":"<p>Editorial \u2013 Abril 2018 Caros amigos, Estamos muito contentes em compartilhar as not\u00edcias sobre a expans\u00e3o de nossos projetos e a programa\u00e7\u00e3o cultural de abril. Vamos relembrar o legado de Martin Luther King, honrar sua mem\u00f3ria e buscar inspira\u00e7\u00f5es em suas reflex\u00f5es. Infelizmente vivemos um momento cr\u00edtico onde a intoler\u00e2ncia, a viol\u00eancia e a falta [&hellip;]<\/p>\n","protected":false},"author":2,"featured_media":1957,"comment_status":"open","ping_status":"open","sticky":false,"template":"","format":"standard","meta":{"ngg_post_thumbnail":0,"_themeisle_gutenberg_block_has_review":false,"footnotes":""},"categories":[2],"tags":[],"class_list":["post-1954","post","type-post","status-publish","format-standard","has-post-thumbnail","hentry","category-editorial"],"blocksy_meta":[],"_links":{"self":[{"href":"https:\/\/www.foradacaixacoletivo.com.br\/openzine\/wp-json\/wp\/v2\/posts\/1954","targetHints":{"allow":["GET"]}}],"collection":[{"href":"https:\/\/www.foradacaixacoletivo.com.br\/openzine\/wp-json\/wp\/v2\/posts"}],"about":[{"href":"https:\/\/www.foradacaixacoletivo.com.br\/openzine\/wp-json\/wp\/v2\/types\/post"}],"author":[{"embeddable":true,"href":"https:\/\/www.foradacaixacoletivo.com.br\/openzine\/wp-json\/wp\/v2\/users\/2"}],"replies":[{"embeddable":true,"href":"https:\/\/www.foradacaixacoletivo.com.br\/openzine\/wp-json\/wp\/v2\/comments?post=1954"}],"version-history":[{"count":8,"href":"https:\/\/www.foradacaixacoletivo.com.br\/openzine\/wp-json\/wp\/v2\/posts\/1954\/revisions"}],"predecessor-version":[{"id":1981,"href":"https:\/\/www.foradacaixacoletivo.com.br\/openzine\/wp-json\/wp\/v2\/posts\/1954\/revisions\/1981"}],"wp:featuredmedia":[{"embeddable":true,"href":"https:\/\/www.foradacaixacoletivo.com.br\/openzine\/wp-json\/wp\/v2\/media\/1957"}],"wp:attachment":[{"href":"https:\/\/www.foradacaixacoletivo.com.br\/openzine\/wp-json\/wp\/v2\/media?parent=1954"}],"wp:term":[{"taxonomy":"category","embeddable":true,"href":"https:\/\/www.foradacaixacoletivo.com.br\/openzine\/wp-json\/wp\/v2\/categories?post=1954"},{"taxonomy":"post_tag","embeddable":true,"href":"https:\/\/www.foradacaixacoletivo.com.br\/openzine\/wp-json\/wp\/v2\/tags?post=1954"}],"curies":[{"name":"wp","href":"https:\/\/api.w.org\/{rel}","templated":true}]}}