{"id":1947,"date":"2018-03-27T08:18:19","date_gmt":"2018-03-27T11:18:19","guid":{"rendered":"http:\/\/www.foradacaixacoletivo.com.br\/openzine\/?p=1947"},"modified":"2026-02-08T06:40:11","modified_gmt":"2026-02-08T09:40:11","slug":"tributo-a-martin-luther-king-07-abril-15h","status":"publish","type":"post","link":"https:\/\/www.foradacaixacoletivo.com.br\/openzine\/tributo-a-martin-luther-king-07-abril-15h\/","title":{"rendered":"Tributo a Martin Luther King &#8211; 07\/Abril 15h"},"content":{"rendered":"<p><strong><img loading=\"lazy\" decoding=\"async\" class=\"size-medium wp-image-1948 alignleft\" src=\"http:\/\/www.foradacaixacoletivo.com.br\/openzine\/wp-content\/uploads\/2018\/03\/non-violence-1158317_post-300x225.jpg\" alt=\"\" width=\"300\" height=\"225\" srcset=\"https:\/\/www.foradacaixacoletivo.com.br\/openzine\/wp-content\/uploads\/2018\/03\/non-violence-1158317_post-300x225.jpg 300w, https:\/\/www.foradacaixacoletivo.com.br\/openzine\/wp-content\/uploads\/2018\/03\/non-violence-1158317_post.jpg 575w\" sizes=\"auto, (max-width: 300px) 100vw, 300px\" \/>Tributo a Martin Luther King<\/strong><\/p>\n<p>A Casa Mundial<br \/>\nTextos de Martin Luther King<\/p>\n<p>H\u00e1 alguns anos um famoso escritor faleceu. Entre seus escritos foi encontrada uma lista de temas para futuros livros. Dentre eles o mais destacado era: &#8220;Uma fam\u00edlia muito desunida herda uma casa na qual devem viver juntos&#8221;.<br \/>\nEste \u00e9 o novo grande problema da humanidade. Herdamos uma casa grande, uma &#8220;casa mundial&#8221; na qual temos que viver juntos: preto e branco, ocidental e oriental, gentio e judeu, cat\u00f3lico e protestante, mu\u00e7ulmano e hindu \u2013 uma fam\u00edlia com membros separados desde sempre em id\u00e9ias, culturas e interesses, e que, impossibilitados agora de viver isoladamente, precisam de alguma forma conviver em paz uns com os outros.<\/p>\n<p>Estamos vivendo uma \u00e9poca onde as diferen\u00e7as se aprofundam e as iniciativas em prol do bem comum, integra\u00e7\u00e3o e engajamento s\u00e3o soterradas pela imensa quantidade de not\u00edcias de viol\u00eancia, morte, discrimina\u00e7\u00e3o, abusos e abandonos. Esquecemos que a nossa comunidade global \u00e9 o resultado da evolu\u00e7\u00e3o da esp\u00e9cie humana, somos todos irm\u00e3os e irm\u00e3s, n\u00e3o h\u00e1 d\u00favida que temos uma origem comum. Herdamos este planeta lindo, que pode nos fornecer muito mais do que precisamos. Somos capazes de preservar e manter o equil\u00edbrio em nossa casa desde que deixemos de lado a gan\u00e2ncia, a guerra e a falta de unidade entre os povos.<\/p>\n<p>Honraremos sua mem\u00f3ria em um encontro de di\u00e1logo, comunh\u00e3o e irmandade. Participem!<\/p>\n<p><strong>S\u00e1bado \u2013 07 de Abril \u2013 \u00e0s 15h<\/strong><\/p>\n<p><strong>Entrada 1 Kg de alimento n\u00e3o perec\u00edvel ou contribui\u00e7\u00f5es espont\u00e2neas.<\/strong><\/p>\n<p>Fora da Caixa \u2013 Coletivo Cultural<br \/>\nRua Riachuelo, 437 \u2013 Vergueiro<br \/>\nFone (15) 991.242950<\/p>\n","protected":false},"excerpt":{"rendered":"<p>Tributo a Martin Luther King A Casa Mundial Textos de Martin Luther King H\u00e1 alguns anos um famoso escritor faleceu. Entre seus escritos foi encontrada uma lista de temas para futuros livros. Dentre eles o mais destacado era: &#8220;Uma fam\u00edlia muito desunida herda uma casa na qual devem viver juntos&#8221;. Este \u00e9 o novo grande [&hellip;]<\/p>\n","protected":false},"author":2,"featured_media":1949,"comment_status":"open","ping_status":"open","sticky":false,"template":"","format":"standard","meta":{"ngg_post_thumbnail":0,"_themeisle_gutenberg_block_has_review":false,"footnotes":""},"categories":[82],"tags":[],"class_list":["post-1947","post","type-post","status-publish","format-standard","has-post-thumbnail","hentry","category-tributo"],"blocksy_meta":[],"_links":{"self":[{"href":"https:\/\/www.foradacaixacoletivo.com.br\/openzine\/wp-json\/wp\/v2\/posts\/1947","targetHints":{"allow":["GET"]}}],"collection":[{"href":"https:\/\/www.foradacaixacoletivo.com.br\/openzine\/wp-json\/wp\/v2\/posts"}],"about":[{"href":"https:\/\/www.foradacaixacoletivo.com.br\/openzine\/wp-json\/wp\/v2\/types\/post"}],"author":[{"embeddable":true,"href":"https:\/\/www.foradacaixacoletivo.com.br\/openzine\/wp-json\/wp\/v2\/users\/2"}],"replies":[{"embeddable":true,"href":"https:\/\/www.foradacaixacoletivo.com.br\/openzine\/wp-json\/wp\/v2\/comments?post=1947"}],"version-history":[{"count":4,"href":"https:\/\/www.foradacaixacoletivo.com.br\/openzine\/wp-json\/wp\/v2\/posts\/1947\/revisions"}],"predecessor-version":[{"id":1953,"href":"https:\/\/www.foradacaixacoletivo.com.br\/openzine\/wp-json\/wp\/v2\/posts\/1947\/revisions\/1953"}],"wp:featuredmedia":[{"embeddable":true,"href":"https:\/\/www.foradacaixacoletivo.com.br\/openzine\/wp-json\/wp\/v2\/media\/1949"}],"wp:attachment":[{"href":"https:\/\/www.foradacaixacoletivo.com.br\/openzine\/wp-json\/wp\/v2\/media?parent=1947"}],"wp:term":[{"taxonomy":"category","embeddable":true,"href":"https:\/\/www.foradacaixacoletivo.com.br\/openzine\/wp-json\/wp\/v2\/categories?post=1947"},{"taxonomy":"post_tag","embeddable":true,"href":"https:\/\/www.foradacaixacoletivo.com.br\/openzine\/wp-json\/wp\/v2\/tags?post=1947"}],"curies":[{"name":"wp","href":"https:\/\/api.w.org\/{rel}","templated":true}]}}