{"id":1507,"date":"2017-09-20T15:22:43","date_gmt":"2017-09-20T18:22:43","guid":{"rendered":"http:\/\/www.foradacaixacoletivo.com.br\/openzine\/?p=1507"},"modified":"2022-05-03T10:18:56","modified_gmt":"2022-05-03T13:18:56","slug":"gandhi-vive-joao-signorelli","status":"publish","type":"post","link":"https:\/\/www.foradacaixacoletivo.com.br\/openzine\/gandhi-vive-joao-signorelli\/","title":{"rendered":"GANDHI VIVE &#8211; Jo\u00e3o Signorelli"},"content":{"rendered":"<p><img loading=\"lazy\" decoding=\"async\" class=\"alignleft wp-image-1670 size-thumbnail\" src=\"http:\/\/www.foradacaixacoletivo.com.br\/openzine\/wp-content\/uploads\/2017\/09\/joao-signorelli_post-150x150.jpeg\" alt=\"\" width=\"150\" height=\"150\" srcset=\"https:\/\/www.foradacaixacoletivo.com.br\/openzine\/wp-content\/uploads\/2017\/09\/joao-signorelli_post-150x150.jpeg 150w, https:\/\/www.foradacaixacoletivo.com.br\/openzine\/wp-content\/uploads\/2017\/09\/joao-signorelli_post-300x300.jpeg 300w, https:\/\/www.foradacaixacoletivo.com.br\/openzine\/wp-content\/uploads\/2017\/09\/joao-signorelli_post.jpeg 431w\" sizes=\"auto, (max-width: 150px) 100vw, 150px\" \/>A programa\u00e7\u00e3o especial <strong><a href=\"http:\/\/www.foradacaixacoletivo.com.br\/openzine\/gandhi-vive\/\" target=\"_blank\" rel=\"noopener\">Gandhi Vive<\/a><\/strong> \u00e9 o resultado de um esfor\u00e7o coletivo de pessoas que vivem o ideal de promover a Cultura de Paz e a N\u00e3o-Viol\u00eancia. Al\u00e9m do evento que ocorrer\u00e1 dia 07\/10 \u00e0s 15:00 em nossa sede, publicamos as homenagens de <strong>Jo\u00e3o Signorelli<\/strong>, ator e amigo de longa data, que tem dedicado seu talento a interpretar Gandhi nos palcos do Brasil e do mundo!<\/p>\n<p>&nbsp;<\/p>\n<p>&nbsp;<\/p>\n<p>&nbsp;<\/p>\n<p><iframe loading=\"lazy\" title=\"Jo\u00e3o Signorelli - Gandhi - 01\" width=\"1290\" height=\"726\" src=\"https:\/\/www.youtube.com\/embed\/IJLnVhVrwlM?feature=oembed\" frameborder=\"0\" allow=\"accelerometer; autoplay; clipboard-write; encrypted-media; gyroscope; picture-in-picture; web-share\" referrerpolicy=\"strict-origin-when-cross-origin\" allowfullscreen><\/iframe><\/p>\n<p><iframe loading=\"lazy\" title=\"Jo\u00e3o Signorelli - Gandhi - 02\" width=\"1290\" height=\"726\" src=\"https:\/\/www.youtube.com\/embed\/qFY2IDyPr1o?feature=oembed\" frameborder=\"0\" allow=\"accelerometer; autoplay; clipboard-write; encrypted-media; gyroscope; picture-in-picture; web-share\" referrerpolicy=\"strict-origin-when-cross-origin\" allowfullscreen><\/iframe><\/p>\n<p><iframe loading=\"lazy\" title=\"Jo\u00e3o Signorelli - Gandhi - 03\" width=\"1290\" height=\"726\" src=\"https:\/\/www.youtube.com\/embed\/PaDCakm9VEw?feature=oembed\" frameborder=\"0\" allow=\"accelerometer; autoplay; clipboard-write; encrypted-media; gyroscope; picture-in-picture; web-share\" referrerpolicy=\"strict-origin-when-cross-origin\" allowfullscreen><\/iframe><\/p>\n<p><iframe loading=\"lazy\" title=\"Jo\u00e3o Signorelli - Gandhi - 04\" width=\"1290\" height=\"726\" src=\"https:\/\/www.youtube.com\/embed\/qJKN7AwqgEE?feature=oembed\" frameborder=\"0\" allow=\"accelerometer; autoplay; clipboard-write; encrypted-media; gyroscope; picture-in-picture; web-share\" referrerpolicy=\"strict-origin-when-cross-origin\" allowfullscreen><\/iframe><\/p>\n<p>&nbsp;<\/p>\n","protected":false},"excerpt":{"rendered":"<p>A programa\u00e7\u00e3o especial Gandhi Vive \u00e9 o resultado de um esfor\u00e7o coletivo de pessoas que vivem o ideal de promover a Cultura de Paz e a N\u00e3o-Viol\u00eancia. Al\u00e9m do evento que ocorrer\u00e1 dia 07\/10 \u00e0s 15:00 em nossa sede, publicamos as homenagens de Jo\u00e3o Signorelli, ator e amigo de longa data, que tem dedicado seu [&hellip;]<\/p>\n","protected":false},"author":2,"featured_media":1667,"comment_status":"open","ping_status":"open","sticky":false,"template":"","format":"standard","meta":{"ngg_post_thumbnail":0,"_themeisle_gutenberg_block_has_review":false,"footnotes":""},"categories":[71,7],"tags":[112],"class_list":["post-1507","post","type-post","status-publish","format-standard","has-post-thumbnail","hentry","category-gandhi-vive-2017","category-videos","tag-joao-signorelli"],"blocksy_meta":[],"_links":{"self":[{"href":"https:\/\/www.foradacaixacoletivo.com.br\/openzine\/wp-json\/wp\/v2\/posts\/1507","targetHints":{"allow":["GET"]}}],"collection":[{"href":"https:\/\/www.foradacaixacoletivo.com.br\/openzine\/wp-json\/wp\/v2\/posts"}],"about":[{"href":"https:\/\/www.foradacaixacoletivo.com.br\/openzine\/wp-json\/wp\/v2\/types\/post"}],"author":[{"embeddable":true,"href":"https:\/\/www.foradacaixacoletivo.com.br\/openzine\/wp-json\/wp\/v2\/users\/2"}],"replies":[{"embeddable":true,"href":"https:\/\/www.foradacaixacoletivo.com.br\/openzine\/wp-json\/wp\/v2\/comments?post=1507"}],"version-history":[{"count":10,"href":"https:\/\/www.foradacaixacoletivo.com.br\/openzine\/wp-json\/wp\/v2\/posts\/1507\/revisions"}],"predecessor-version":[{"id":1676,"href":"https:\/\/www.foradacaixacoletivo.com.br\/openzine\/wp-json\/wp\/v2\/posts\/1507\/revisions\/1676"}],"wp:featuredmedia":[{"embeddable":true,"href":"https:\/\/www.foradacaixacoletivo.com.br\/openzine\/wp-json\/wp\/v2\/media\/1667"}],"wp:attachment":[{"href":"https:\/\/www.foradacaixacoletivo.com.br\/openzine\/wp-json\/wp\/v2\/media?parent=1507"}],"wp:term":[{"taxonomy":"category","embeddable":true,"href":"https:\/\/www.foradacaixacoletivo.com.br\/openzine\/wp-json\/wp\/v2\/categories?post=1507"},{"taxonomy":"post_tag","embeddable":true,"href":"https:\/\/www.foradacaixacoletivo.com.br\/openzine\/wp-json\/wp\/v2\/tags?post=1507"}],"curies":[{"name":"wp","href":"https:\/\/api.w.org\/{rel}","templated":true}]}}