{"id":10366,"date":"2026-09-01T11:13:30","date_gmt":"2026-09-01T14:13:30","guid":{"rendered":"https:\/\/www.foradacaixacoletivo.com.br\/openzine\/?p=10366"},"modified":"2026-09-02T08:31:05","modified_gmt":"2026-09-02T11:31:05","slug":"conversas-fora-da-caixa-janet-gerson","status":"publish","type":"post","link":"https:\/\/www.foradacaixacoletivo.com.br\/openzine\/conversas-fora-da-caixa-janet-gerson\/","title":{"rendered":"Conversas Fora da Caixa &#8211; Janet Gerson"},"content":{"rendered":"\n<div class=\"wp-block-buttons is-layout-flex wp-block-buttons-is-layout-flex\">\n<div class=\"wp-block-button\"><a class=\"wp-block-button__link has-black-color has-pale-cyan-blue-background-color has-text-color has-background has-link-color wp-element-button\" href=\"https:\/\/www.foradacaixacoletivo.com.br\/openzine\/conversations-outside-the-box-janet-gerson\/\">Read in English<\/a><\/div>\n<\/div>\n\n\n\n<p class=\"wp-block-paragraph\"><strong>Conversas Fora da Caixa<\/strong> \u00e9 um projeto desenvolvido pelo coletivo cultural <strong>Fora da Caixa<\/strong> e para esta s\u00e9rie de entrevistas contamos com o apoio e a parceria de <strong>HOPE &#8211; Humans of Peace Education<\/strong>, uma plataforma onde voc\u00ea pode encontrar os perfis de educadores para a paz em todo o mundo e tamb\u00e9m ter acesso aos seus projetos e conquistas.<\/p>\n\n\n\n<p class=\"wp-block-paragraph\">Tamb\u00e9m contamos com o apoio da comunidade <strong>International Institute on Peace Education (IIPE)<\/strong> e <strong>Global Campaign for Peace Education.&nbsp;<\/strong><\/p>\n\n\n\n<p class=\"wp-block-paragraph\">Nosso objetivo comum \u00e9 tornar a Educa\u00e7\u00e3o para a Paz e os profissionais que dedicam suas vidas a dissemin\u00e1-la mais acess\u00edveis e conhecidos na comunidade global, nas escolas, universidades e pelo p\u00fablico em geral. Pretendemos inspirar e mostrar o quanto j\u00e1 realizamos e o que planejamos realizar no futuro. Junte-se a n\u00f3s nesta jornada transformadora e revolucion\u00e1ria!<\/p>\n\n\n\n<p class=\"wp-block-paragraph\">Estamos muito felizes em come\u00e7ar nossa nova s\u00e9rie de entrevistas com <strong>Educadores para Paz<\/strong> com <strong>Janet Gerson.<\/strong> Ela \u00e9 ativista, educadora, core\u00f3grafa, dan\u00e7arina, pintora, m\u00e3e, av\u00f3 e muito mais! Sua vida acad\u00eamica \u00e9 excepcional. Ela tem ensinado e inspirado pessoas h\u00e1 60 anos! Al\u00e9m de ser uma brilhante educadora para a paz, possui um grande carisma, sendo capaz de compartilhar sua sabedoria por meio da teoria, da arte e sempre com um toque de humor. Ela traz leveza a tudo o que faz. Sinto-me privilegiada e honrada por t\u00ea-la como mentora, amiga e professora inspiradora. Sou muito grata pela oportunidade de estar em sua companhia durante os encontros do IIPE e tamb\u00e9m por t\u00ea-la em minha vida como inspira\u00e7\u00e3o e modelo a seguir.\u00a0<\/p>\n\n\n\n<figure class=\"wp-block-embed is-type-video is-provider-youtube wp-block-embed-youtube wp-embed-aspect-16-9 wp-has-aspect-ratio\"><div class=\"wp-block-embed__wrapper\">\n<iframe loading=\"lazy\" title=\"Conversas Fora da Caixa com Janet Gerson\" width=\"1290\" height=\"726\" src=\"https:\/\/www.youtube.com\/embed\/7ZpBaEWJxBc?feature=oembed\" frameborder=\"0\" allow=\"accelerometer; autoplay; clipboard-write; encrypted-media; gyroscope; picture-in-picture; web-share\" referrerpolicy=\"strict-origin-when-cross-origin\" allowfullscreen><\/iframe>\n<\/div><\/figure>\n\n\n\n<p class=\"wp-block-paragraph\">Obrigada, Janet, por compartilhar sua vida e sabedoria conosco! Voc\u00ea \u00e9 um exemplo brilhante de ser humano!<\/p>\n\n\n\n<figure class=\"wp-block-image size-full is-resized\"><img data-dominant-color=\"64523f\" data-has-transparency=\"false\" loading=\"lazy\" decoding=\"async\" width=\"369\" height=\"770\" src=\"https:\/\/www.foradacaixacoletivo.com.br\/openzine\/wp-content\/uploads\/2026\/09\/image.webp\" alt=\"\" class=\"wp-image-10367 not-transparent\" style=\"--dominant-color: #64523f; aspect-ratio:0.48044692737430167;width:258px;height:auto\" srcset=\"https:\/\/www.foradacaixacoletivo.com.br\/openzine\/wp-content\/uploads\/2026\/09\/image.webp 369w, https:\/\/www.foradacaixacoletivo.com.br\/openzine\/wp-content\/uploads\/2026\/09\/image-144x300.webp 144w\" sizes=\"auto, (max-width: 369px) 100vw, 369px\" \/><\/figure>\n\n\n\n<p class=\"wp-block-paragraph\">Para obter mais informa\u00e7\u00f5es sobre sua trajet\u00f3ria acad\u00eamica, voc\u00ea pode ler sua biografia, livros e artigos publicados.<\/p>\n\n\n\n<p class=\"wp-block-paragraph\">A Dra. Janet C. Gerson \u00e9 Diretora de Educa\u00e7\u00e3o do Instituto Internacional de Educa\u00e7\u00e3o para a Paz (IIPE); Co-diretora Em\u00e9rita do Centro de Educa\u00e7\u00e3o para a Paz do Teachers College da Universidade Columbia, em Nova York; e membro do Conselho Diretor da Human Dignity and Humiliation Studies. Ela colaborou com o Centro Internacional Morton Deutsch para Coopera\u00e7\u00e3o e Resolu\u00e7\u00e3o de Conflitos (MD-ICCCR) do Teachers College de 1996 a 2017 com Morton Deutsch, psic\u00f3logo social americano pioneiro e um dos fundadores da resolu\u00e7\u00e3o moderna de conflitos.<\/p>\n\n\n\n<p class=\"wp-block-paragraph\">Em 2014, sua tese de doutorado recebeu o pr\u00eamio de Melhor Tese de P\u00f3s-Gradua\u00e7\u00e3o. <em>Delibera\u00e7\u00e3o p\u00fablica sobre justi\u00e7a global: o Tribunal Internacional para o Iraque.<\/em>Em 2018, ela recebeu o Pr\u00eamio de Compromisso Vital\u00edcio na Confer\u00eancia Anual de Estudos sobre Humilha\u00e7\u00e3o e Dignidade Humana.<\/p>\n\n\n\n<p class=\"wp-block-paragraph\">Como ativista e educadora, ela leciona h\u00e1 sessenta anos. Especializada em educa\u00e7\u00e3o para a paz e estudos sobre a paz, Janet trabalha internacionalmente como palestrante, educadora, consultora, criadora de programas e mediadora. Te\u00f3rica pol\u00edtica e educadora para a paz, suas pesquisas se concentram na democratiza\u00e7\u00e3o da justi\u00e7a, delibera\u00e7\u00e3o p\u00fablica, criatividade e processos de conflito, pedagogia da paz e, mais recentemente, no paradigma ecol\u00f3gico relacional emergente para a paz. Como ex-dan\u00e7arina e core\u00f3grafa, ela continua seus processos criativos, extraindo met\u00e1foras para o aprendizado e a a\u00e7\u00e3o pela paz de suas pinturas e mosaicos.<\/p>\n\n\n\n<p class=\"wp-block-paragraph\">Ela trabalhou no M\u00e9xico, Col\u00f4mbia, Costa Rica, Porto Rico, El Salvador, Peru, Canad\u00e1, Coreia do Sul, Jap\u00e3o, \u00cdndia, Nepal, Hungria, Turquia, Chipre, Gr\u00e9cia, Espanha, L\u00edbano e Israel-Palestina. Atuou como consultora para a Universidade da Paz das Na\u00e7\u00f5es Unidas na Costa Rica, para a UNIFEM, para os Institutos Comunit\u00e1rios de Educa\u00e7\u00e3o para a Paz (CIPE) e para a Campanha Global de Educa\u00e7\u00e3o para a Paz (GCPE). Organizou e coordenou um treinamento de um m\u00eas para o Instituto Afeg\u00e3o de Aprendizagem no Teachers College da Universidade Columbia. Participa regularmente do Col\u00f3quio Africano MAMA sobre Paz e Desenvolvimento na \u00c1frica.<\/p>\n\n\n\n<p class=\"wp-block-paragraph\">De 1996 a 2023, ela participou, juntamente com Betty Reardon, de atividades de lobby junto \u00e0 ONU em prol dos direitos e do empoderamento das mulheres. Participou do F\u00f3rum de Mulheres de Pequim em 1995 e de atividades subsequentes de lobby em prol da Plataforma de A\u00e7\u00e3o de Pequim, da Confer\u00eancia da ONU sobre a Situa\u00e7\u00e3o da Mulher, da Resolu\u00e7\u00e3o 1325 do Conselho de Seguran\u00e7a da ONU, atuou como Representante de ONGs da ONU no Conselho Mundial de Curr\u00edculo e Instru\u00e7\u00e3o e no Instituto Internacional de Educa\u00e7\u00e3o para a Paz; participou de iniciativas globais da sociedade civil, incluindo a Confer\u00eancia da Sociedade Civil de Haia para Abolir a Guerra em 1999; do Tribunal Penal Internacional sobre Crimes de Guerra contra as Mulheres, em T\u00f3quio, em 2000; do Tribunal Penal Internacional para o Iraque, de 2003 a 2005; do projeto The Peace Boat, do Escrit\u00f3rio Internacional da Paz, da Associa\u00e7\u00e3o Internacional de Pesquisa da Paz e da Associa\u00e7\u00e3o de Estudos sobre Paz e Justi\u00e7a. Ela tamb\u00e9m foi co-facilitadora de oficinas de Teatro do Oprimido por dez anos, onde trabalhou com Augusto Boal e Claire Picher.<\/p>\n\n\n\n<p class=\"wp-block-paragraph\">A quarentena da COVID em 2020 levou a <em>organiza\u00e7\u00e3o local<\/em> por meio de ativismo comunit\u00e1rio cont\u00ednuo, grupos de leitura e apoio \u00e0 reflex\u00e3o. Esse retorno \u00e0 constru\u00e7\u00e3o da comunidade reconectou-se com a organiza\u00e7\u00e3o anterior, realizada entre 1986 e 2000, por meio da Janet Gerson Dance Co\/Dance Stream, Inc.; Arts Interaction, Arts Council of Upper Manhattan; Choreographers Cooperative Showcases e American Dance Guild.<\/p>\n\n\n\n<p class=\"wp-block-paragraph\">Os escritos de Gerson sobre IIPE aparecem no Manual Internacional de Educa\u00e7\u00e3o para a Paz (2026) e<em>Em Factis Pax: o Jornal Online para a Paz e a Justi\u00e7a Social<\/em>(2025). Sua pesquisa sobre sociedade civil e movimentos sociais aparece em seu livro. <em>Reivindicando a justi\u00e7a p\u00f3s-conflito: democratizando a justi\u00e7a no Tribunal Internacional para o Iraque.<\/em>(2021) com Dale T. Snauwaert. Ela co-editou tr\u00eas Edi\u00e7\u00f5es Especiais de <em>In Factis Pax: A Revista de Educa\u00e7\u00e3o para a Paz e Justi\u00e7a Social.<\/em> Seus cap\u00edtulos incluem\u201cJusti\u00e7a Restaurativa e Sistemas Alternativos\u201d em <em>Enciclop\u00e9dia da N\u00e3o-Viol\u00eancia, Conflito e Paz, 3rd Ed.<\/em>(2022), (Ed.) Lester Kurtz; e \u201cEduca\u00e7\u00e3o para a Paz e Alfabetiza\u00e7\u00e3o Midi\u00e1tica\u201d em <em>Conversas sobre paz e n\u00e3o viol\u00eancia,<\/em>(2021) (Ed.) Vedabhyas Kundu. Outros cap\u00edtulos foram contribu\u00eddos para <em>Dignidade Humana: Pr\u00e1ticas, Discursos e Transforma\u00e7\u00f5es<\/em>(Orgs., Chowdhury, Britton &amp; Hartling, 2020); <em>Explorando a perspectiva de Betty A. Reardon sobre a educa\u00e7\u00e3o para a paz.<\/em>(Ed., D. Snauwaert, 2019)<em>,<\/em> <em>Manual de Resolu\u00e7\u00e3o de Conflitos<\/em>(Eds., Coleman, Deutsch e Marcus; 2000, 2006); <em>Aprendendo a Abolir a Guerra: Ensinando para uma Cultura de Paz<\/em> (Reardon &amp; Cabezudo, 2001); e artigos para <em>Impress\u00f5es da Paz: Revista Sul-Asi\u00e1tica de Constru\u00e7\u00e3o da Paz<\/em> com Asha Hans<em>;<\/em><em>Em Factis Pax: Revista de Educa\u00e7\u00e3o para a Paz e Justi\u00e7a Social<\/em>;<em>Educa\u00e7\u00e3o Hol\u00edstica; Teoria na Pr\u00e1tica; An\u00e1lise de Quest\u00f5es Sociais e Pol\u00edticas P\u00fablicas.<\/em>e <em>Jornal do Oriente M\u00e9dio.<\/em>&nbsp;<\/p>\n\n\n\n<p class=\"wp-block-paragraph\">Mais informa\u00e7\u00f5es podem ser encontradas em<\/p>\n\n\n\n<p class=\"wp-block-paragraph\"><a href=\"https:\/\/www.humiliationstudies.org\/whoweare\/gerson.html\">https:\/\/www.humiliationstudies.org\/whoweare\/gerson.html<\/a><\/p>\n\n\n\n<figure class=\"wp-block-image size-large is-resized\"><img data-dominant-color=\"6e625c\" data-has-transparency=\"false\" loading=\"lazy\" decoding=\"async\" width=\"1024\" height=\"576\" src=\"https:\/\/www.foradacaixacoletivo.com.br\/openzine\/wp-content\/uploads\/2026\/09\/image-2-1024x576.webp\" alt=\"\" class=\"wp-image-10369 not-transparent\" style=\"--dominant-color: #6e625c; aspect-ratio:1.775811209439528;width:602px;height:auto\" srcset=\"https:\/\/www.foradacaixacoletivo.com.br\/openzine\/wp-content\/uploads\/2026\/09\/image-2-1024x576.webp 1024w, https:\/\/www.foradacaixacoletivo.com.br\/openzine\/wp-content\/uploads\/2026\/09\/image-2-300x169.webp 300w, https:\/\/www.foradacaixacoletivo.com.br\/openzine\/wp-content\/uploads\/2026\/09\/image-2-768x432.webp 768w, https:\/\/www.foradacaixacoletivo.com.br\/openzine\/wp-content\/uploads\/2026\/09\/image-2-1536x864.webp 1536w, https:\/\/www.foradacaixacoletivo.com.br\/openzine\/wp-content\/uploads\/2026\/09\/image-2.webp 2048w\" sizes=\"auto, (max-width: 1024px) 100vw, 1024px\" \/><\/figure>\n\n\n\n<p class=\"wp-block-paragraph\">Janet Gerson &#8211; Foto de Dan\u00e7a<\/p>\n\n\n\n<figure class=\"wp-block-image size-large is-resized\"><img data-dominant-color=\"957656\" data-has-transparency=\"false\" loading=\"lazy\" decoding=\"async\" width=\"706\" height=\"1024\" src=\"https:\/\/www.foradacaixacoletivo.com.br\/openzine\/wp-content\/uploads\/2026\/09\/image-4-706x1024.webp\" alt=\"\" class=\"wp-image-10371 not-transparent\" style=\"--dominant-color: #957656; aspect-ratio:0.6895761741122566;width:602px;height:auto\" srcset=\"https:\/\/www.foradacaixacoletivo.com.br\/openzine\/wp-content\/uploads\/2026\/09\/image-4-706x1024.webp 706w, https:\/\/www.foradacaixacoletivo.com.br\/openzine\/wp-content\/uploads\/2026\/09\/image-4-207x300.webp 207w, https:\/\/www.foradacaixacoletivo.com.br\/openzine\/wp-content\/uploads\/2026\/09\/image-4-768x1114.webp 768w, https:\/\/www.foradacaixacoletivo.com.br\/openzine\/wp-content\/uploads\/2026\/09\/image-4-1059x1536.webp 1059w, https:\/\/www.foradacaixacoletivo.com.br\/openzine\/wp-content\/uploads\/2026\/09\/image-4.webp 1389w\" sizes=\"auto, (max-width: 706px) 100vw, 706px\" \/><\/figure>\n\n\n\n<p class=\"wp-block-paragraph\">Publica\u00e7\u00e3o de livro<\/p>\n\n\n\n<figure class=\"wp-block-image size-full is-resized\"><img data-dominant-color=\"7b6b58\" data-has-transparency=\"false\" loading=\"lazy\" decoding=\"async\" width=\"675\" height=\"450\" src=\"https:\/\/www.foradacaixacoletivo.com.br\/openzine\/wp-content\/uploads\/2026\/09\/image-1.webp\" alt=\"\" class=\"wp-image-10368 not-transparent\" style=\"--dominant-color: #7b6b58; aspect-ratio:1.5012468827930174;width:602px;height:auto\" srcset=\"https:\/\/www.foradacaixacoletivo.com.br\/openzine\/wp-content\/uploads\/2026\/09\/image-1.webp 675w, https:\/\/www.foradacaixacoletivo.com.br\/openzine\/wp-content\/uploads\/2026\/09\/image-1-300x200.webp 300w\" sizes=\"auto, (max-width: 675px) 100vw, 675px\" \/><\/figure>\n\n\n\n<p class=\"wp-block-paragraph\">Betty Reardon esteve presente em sua apresenta\u00e7\u00e3o e entrega do pr\u00eamio.<\/p>\n\n\n\n<p class=\"wp-block-paragraph\">Confer\u00eancia sobre Estudos da Humilha\u00e7\u00e3o e da Dignidade Humana em 2018.<\/p>\n\n\n\n<figure class=\"wp-block-image size-large is-resized\"><img data-dominant-color=\"6e6e6d\" data-has-transparency=\"false\" loading=\"lazy\" decoding=\"async\" width=\"1024\" height=\"768\" src=\"https:\/\/www.foradacaixacoletivo.com.br\/openzine\/wp-content\/uploads\/2026\/09\/image-5-1024x768.webp\" alt=\"\" class=\"wp-image-10372 not-transparent\" style=\"--dominant-color: #6e6e6d; aspect-ratio:1.334811529933481;width:602px;height:auto\" srcset=\"https:\/\/www.foradacaixacoletivo.com.br\/openzine\/wp-content\/uploads\/2026\/09\/image-5-1024x768.webp 1024w, https:\/\/www.foradacaixacoletivo.com.br\/openzine\/wp-content\/uploads\/2026\/09\/image-5-300x225.webp 300w, https:\/\/www.foradacaixacoletivo.com.br\/openzine\/wp-content\/uploads\/2026\/09\/image-5-768x576.webp 768w, https:\/\/www.foradacaixacoletivo.com.br\/openzine\/wp-content\/uploads\/2026\/09\/image-5-1536x1152.webp 1536w, https:\/\/www.foradacaixacoletivo.com.br\/openzine\/wp-content\/uploads\/2026\/09\/image-5.webp 1600w\" sizes=\"auto, (max-width: 1024px) 100vw, 1024px\" \/><\/figure>\n\n\n\n<p class=\"wp-block-paragraph\">Ativismo em Nova York<\/p>\n\n\n\n<figure class=\"wp-block-image size-large is-resized\"><img data-dominant-color=\"8c8a80\" data-has-transparency=\"false\" loading=\"lazy\" decoding=\"async\" width=\"576\" height=\"1024\" src=\"https:\/\/www.foradacaixacoletivo.com.br\/openzine\/wp-content\/uploads\/2026\/09\/image-3-576x1024.webp\" alt=\"\" class=\"wp-image-10370 not-transparent\" style=\"--dominant-color: #8c8a80; aspect-ratio:0.5638051044083526;width:486px;height:auto\" srcset=\"https:\/\/www.foradacaixacoletivo.com.br\/openzine\/wp-content\/uploads\/2026\/09\/image-3-576x1024.webp 576w, https:\/\/www.foradacaixacoletivo.com.br\/openzine\/wp-content\/uploads\/2026\/09\/image-3-169x300.webp 169w, https:\/\/www.foradacaixacoletivo.com.br\/openzine\/wp-content\/uploads\/2026\/09\/image-3-768x1365.webp 768w, https:\/\/www.foradacaixacoletivo.com.br\/openzine\/wp-content\/uploads\/2026\/09\/image-3-864x1536.webp 864w, https:\/\/www.foradacaixacoletivo.com.br\/openzine\/wp-content\/uploads\/2026\/09\/image-3.webp 1152w\" sizes=\"auto, (max-width: 576px) 100vw, 576px\" \/><\/figure>\n\n\n\n<p class=\"wp-block-paragraph\">Constru\u00e7\u00e3o de comunidade atrav\u00e9s das artes, neste caso, pintura no parque. Com as irm\u00e3s dos jogadores da Little League, incluindo Stella, sua neta.&nbsp;<\/p>\n\n\n\n<figure class=\"wp-block-image size-large is-resized\"><img data-dominant-color=\"865048\" data-has-transparency=\"false\" loading=\"lazy\" decoding=\"async\" width=\"1013\" height=\"1024\" src=\"https:\/\/www.foradacaixacoletivo.com.br\/openzine\/wp-content\/uploads\/2026\/09\/image-6-1013x1024.webp\" alt=\"\" class=\"wp-image-10373 not-transparent\" style=\"--dominant-color: #865048; aspect-ratio:0.9901315789473685;width:602px;height:auto\" srcset=\"https:\/\/www.foradacaixacoletivo.com.br\/openzine\/wp-content\/uploads\/2026\/09\/image-6-1013x1024.webp 1013w, https:\/\/www.foradacaixacoletivo.com.br\/openzine\/wp-content\/uploads\/2026\/09\/image-6-297x300.webp 297w, https:\/\/www.foradacaixacoletivo.com.br\/openzine\/wp-content\/uploads\/2026\/09\/image-6-768x776.webp 768w, https:\/\/www.foradacaixacoletivo.com.br\/openzine\/wp-content\/uploads\/2026\/09\/image-6-1520x1536.webp 1520w, https:\/\/www.foradacaixacoletivo.com.br\/openzine\/wp-content\/uploads\/2026\/09\/image-6.webp 2026w\" sizes=\"auto, (max-width: 1013px) 100vw, 1013px\" \/><\/figure>\n\n\n\n<p class=\"wp-block-paragraph\">Paradigma relacional ecol\u00f3gico para a paz<\/p>\n","protected":false},"excerpt":{"rendered":"<p>Conversas Fora da Caixa \u00e9 um projeto desenvolvido pelo coletivo cultural Fora da Caixa e para esta s\u00e9rie de entrevistas contamos com o apoio e a parceria de HOPE &#8211; Humans of Peace Education, uma plataforma onde voc\u00ea pode encontrar os perfis de educadores para a paz em todo o mundo e tamb\u00e9m ter acesso [&hellip;]<\/p>\n","protected":false},"author":1,"featured_media":10374,"comment_status":"closed","ping_status":"open","sticky":false,"template":"","format":"standard","meta":{"ngg_post_thumbnail":0,"_themeisle_gutenberg_block_has_review":false,"footnotes":""},"categories":[29,96,7],"tags":[],"class_list":["post-10366","post","type-post","status-publish","format-standard","has-post-thumbnail","hentry","category-destaque","category-conversas-fora-da-caixa-videos","category-videos"],"blocksy_meta":{"styles_descriptor":{"styles":{"desktop":"","tablet":"","mobile":""},"google_fonts":[],"version":7}},"_links":{"self":[{"href":"https:\/\/www.foradacaixacoletivo.com.br\/openzine\/wp-json\/wp\/v2\/posts\/10366","targetHints":{"allow":["GET"]}}],"collection":[{"href":"https:\/\/www.foradacaixacoletivo.com.br\/openzine\/wp-json\/wp\/v2\/posts"}],"about":[{"href":"https:\/\/www.foradacaixacoletivo.com.br\/openzine\/wp-json\/wp\/v2\/types\/post"}],"author":[{"embeddable":true,"href":"https:\/\/www.foradacaixacoletivo.com.br\/openzine\/wp-json\/wp\/v2\/users\/1"}],"replies":[{"embeddable":true,"href":"https:\/\/www.foradacaixacoletivo.com.br\/openzine\/wp-json\/wp\/v2\/comments?post=10366"}],"version-history":[{"count":5,"href":"https:\/\/www.foradacaixacoletivo.com.br\/openzine\/wp-json\/wp\/v2\/posts\/10366\/revisions"}],"predecessor-version":[{"id":10407,"href":"https:\/\/www.foradacaixacoletivo.com.br\/openzine\/wp-json\/wp\/v2\/posts\/10366\/revisions\/10407"}],"wp:featuredmedia":[{"embeddable":true,"href":"https:\/\/www.foradacaixacoletivo.com.br\/openzine\/wp-json\/wp\/v2\/media\/10374"}],"wp:attachment":[{"href":"https:\/\/www.foradacaixacoletivo.com.br\/openzine\/wp-json\/wp\/v2\/media?parent=10366"}],"wp:term":[{"taxonomy":"category","embeddable":true,"href":"https:\/\/www.foradacaixacoletivo.com.br\/openzine\/wp-json\/wp\/v2\/categories?post=10366"},{"taxonomy":"post_tag","embeddable":true,"href":"https:\/\/www.foradacaixacoletivo.com.br\/openzine\/wp-json\/wp\/v2\/tags?post=10366"}],"curies":[{"name":"wp","href":"https:\/\/api.w.org\/{rel}","templated":true}]}}