{"id":10363,"date":"2026-09-01T11:27:01","date_gmt":"2026-09-01T14:27:01","guid":{"rendered":"https:\/\/www.foradacaixacoletivo.com.br\/openzine\/?p=10363"},"modified":"2026-09-01T11:27:05","modified_gmt":"2026-09-01T14:27:05","slug":"editorial-setembro-2026","status":"publish","type":"post","link":"https:\/\/www.foradacaixacoletivo.com.br\/openzine\/editorial-setembro-2026\/","title":{"rendered":"Editorial &#8211; Setembro 2026"},"content":{"rendered":"\n<p class=\"wp-block-paragraph\">Sauda\u00e7\u00f5es!<\/p>\n\n\n\n<p class=\"wp-block-paragraph\">Estamos muito felizes em compartilhar uma nova parceria com a plataforma <strong>HOPE &#8211; Humans of Peace Education<\/strong>, atrav\u00e9s do compartilhamento da s\u00e9rie especial de entrevistas <strong>Conversas Fora da Caixa<\/strong> com educadores para paz que participam dessa comunidade. O projeto desenvolvido pelo coletivo cultural <strong>Fora da Caixa<\/strong> entrevistar\u00e1 educadores de diversas partes do mundo para compartilhar suas trajet\u00f3rias, projetos e conquistas. Nosso objetivo comum \u00e9 tornar a Educa\u00e7\u00e3o para a Paz e os profissionais que dedicam suas vidas a dissemin\u00e1-la mais acess\u00edveis e conhecidos na comunidade global, nas escolas, universidades e pelo p\u00fablico em geral.&nbsp;<\/p>\n\n\n\n<p class=\"wp-block-paragraph\">Nossa primeira entrevistada foi <strong>Janet Gerson<\/strong>, Diretora de Educa\u00e7\u00e3o do <strong>Instituto Internacional de Educa\u00e7\u00e3o para a Paz (IIPE);<\/strong> Co-diretora Em\u00e9rita do Centro de Educa\u00e7\u00e3o para a Paz do Teachers College da Universidade Columbia, em Nova York; e membro do Conselho Diretor da Human Dignity and Humiliation Studies. Ela \u00e9 uma ativista, autora, core\u00f3grafa, dan\u00e7arina, pintora e muito mais! Sua vida acad\u00eamica \u00e9 excepcional. Ela tem ensinado e inspirado pessoas h\u00e1 60 anos!<\/p>\n\n\n\n<p class=\"wp-block-paragraph\"><a href=\"https:\/\/www.foradacaixacoletivo.com.br\/openzine\/conversas-fora-da-caixa-janet-gerson\/\" target=\"_blank\" rel=\"noopener\">Assista a entrevista completa aqui.<\/a><\/p>\n\n\n\n<p class=\"wp-block-paragraph\">Nosso projeto <strong>Arte pela Paz<\/strong> encerrou suas inscri\u00e7\u00f5es para a edi\u00e7\u00e3o de 2026. Recebemos 67 obras, com a participa\u00e7\u00e3o de 23 artistas do Brasil, Ucr\u00e2nia, Nig\u00e9ria, It\u00e1lia, Inglaterra, Georgia, Zimbabwe e Arm\u00eania. Em breve abriremos o per\u00edodo de vota\u00e7\u00e3o onde o p\u00fablico poder\u00e1 escolher entre as obras, aquelas que mais gostaram. Lembrando que n\u00e3o se trata de uma competi\u00e7\u00e3o e sim uma celebra\u00e7\u00e3o art\u00edstica onde os votos representam a aprecia\u00e7\u00e3o das obras e o reconhecimento do artista participante. Voc\u00ea pode visitar a galeria virtual e conhecer as obras e o perfil dos participantes: <a href=\"https:\/\/app.foradacaixacoletivo.com.br\/2026\/\" target=\"_blank\" rel=\"noopener\">Arte pela Paz 2026<\/a><\/p>\n\n\n\n<p class=\"wp-block-paragraph\">Em setembro teremos duas atividades em nossa agenda: <strong>Oficina de Nutri\u00e7\u00e3o Terap\u00eautica (05\/09)<\/strong>, onde apresentaremos receitas inspiradas nos ensinamentos de Hildegard de Bingen, Herbalismo e na Medicina Tibetana. <a href=\"https:\/\/www.foradacaixacoletivo.com.br\/openzine\/oficina-de-nutricao-terapeutica-2\/\" target=\"_blank\" rel=\"noopener\">Saiba como se inscrever aqui<\/a>.<\/p>\n\n\n\n<p class=\"wp-block-paragraph\"><strong>A import\u00e2ncia da Autocompaix\u00e3o para a Sa\u00fade Emocional (19\/09),<\/strong> o encontro ser\u00e1 on-line e oferecer\u00e1 informa\u00e7\u00f5es e aconselhamento aos participantes sobre como cuidar de sua sa\u00fade emocional e aprender como introduzir a autocompaix\u00e3o para prevenir condi\u00e7\u00f5es desfavor\u00e1veis de sa\u00fade como ansiedade, depress\u00e3o, fadiga de empatia, etc. A conversa ser\u00e1 aberta a todos, mas \u00e9 necess\u00e1rio preencher o formul\u00e1rio de inscri\u00e7\u00e3o para receber o link da reuni\u00e3o. <a href=\"https:\/\/www.foradacaixacoletivo.com.br\/openzine\/a-importancia-da-autocompaixao-para-a-saude-emocional-online\/\" target=\"_blank\" rel=\"noopener\">Saiba como se inscrever aqui<\/a>.<\/p>\n\n\n\n<p class=\"wp-block-paragraph\">Esperamos encontr\u00e1-los em nossa programa\u00e7\u00e3o cultural e que possamos juntos difundir as pr\u00e1ticas que apoiam nossa sa\u00fade f\u00edsica, emocional e multiplicar as sementes de Educa\u00e7\u00e3o para Paz atrav\u00e9s das Conversas Fora da Caixa.<\/p>\n\n\n\n<p class=\"wp-block-paragraph\">M\u00e3os em prece,<\/p>\n\n\n\n<p class=\"wp-block-paragraph\">Regina Proen\u00e7a<\/p>\n","protected":false},"excerpt":{"rendered":"<p>Sauda\u00e7\u00f5es! Estamos muito felizes em compartilhar uma nova parceria com a plataforma HOPE &#8211; Humans of Peace Education, atrav\u00e9s do compartilhamento da s\u00e9rie especial de entrevistas Conversas Fora da Caixa com educadores para paz que participam dessa comunidade. O projeto desenvolvido pelo coletivo cultural Fora da Caixa entrevistar\u00e1 educadores de diversas partes do mundo para [&hellip;]<\/p>\n","protected":false},"author":1,"featured_media":10365,"comment_status":"closed","ping_status":"open","sticky":false,"template":"","format":"standard","meta":{"ngg_post_thumbnail":0,"_themeisle_gutenberg_block_has_review":false,"footnotes":""},"categories":[29,2],"tags":[],"class_list":["post-10363","post","type-post","status-publish","format-standard","has-post-thumbnail","hentry","category-destaque","category-editorial"],"blocksy_meta":{"styles_descriptor":{"styles":{"desktop":"","tablet":"","mobile":""},"google_fonts":[],"version":7}},"_links":{"self":[{"href":"https:\/\/www.foradacaixacoletivo.com.br\/openzine\/wp-json\/wp\/v2\/posts\/10363","targetHints":{"allow":["GET"]}}],"collection":[{"href":"https:\/\/www.foradacaixacoletivo.com.br\/openzine\/wp-json\/wp\/v2\/posts"}],"about":[{"href":"https:\/\/www.foradacaixacoletivo.com.br\/openzine\/wp-json\/wp\/v2\/types\/post"}],"author":[{"embeddable":true,"href":"https:\/\/www.foradacaixacoletivo.com.br\/openzine\/wp-json\/wp\/v2\/users\/1"}],"replies":[{"embeddable":true,"href":"https:\/\/www.foradacaixacoletivo.com.br\/openzine\/wp-json\/wp\/v2\/comments?post=10363"}],"version-history":[{"count":2,"href":"https:\/\/www.foradacaixacoletivo.com.br\/openzine\/wp-json\/wp\/v2\/posts\/10363\/revisions"}],"predecessor-version":[{"id":10395,"href":"https:\/\/www.foradacaixacoletivo.com.br\/openzine\/wp-json\/wp\/v2\/posts\/10363\/revisions\/10395"}],"wp:featuredmedia":[{"embeddable":true,"href":"https:\/\/www.foradacaixacoletivo.com.br\/openzine\/wp-json\/wp\/v2\/media\/10365"}],"wp:attachment":[{"href":"https:\/\/www.foradacaixacoletivo.com.br\/openzine\/wp-json\/wp\/v2\/media?parent=10363"}],"wp:term":[{"taxonomy":"category","embeddable":true,"href":"https:\/\/www.foradacaixacoletivo.com.br\/openzine\/wp-json\/wp\/v2\/categories?post=10363"},{"taxonomy":"post_tag","embeddable":true,"href":"https:\/\/www.foradacaixacoletivo.com.br\/openzine\/wp-json\/wp\/v2\/tags?post=10363"}],"curies":[{"name":"wp","href":"https:\/\/api.w.org\/{rel}","templated":true}]}}