{"id":351,"date":"2025-06-21T10:46:57","date_gmt":"2025-06-21T13:46:57","guid":{"rendered":"https:\/\/www.foradacaixacoletivo.com.br\/medicinatibetana\/?p=351"},"modified":"2025-06-21T10:46:58","modified_gmt":"2025-06-21T13:46:58","slug":"voce-ja-tomou-cha-de-lavanda","status":"publish","type":"post","link":"https:\/\/www.foradacaixacoletivo.com.br\/medicinatibetana\/2025\/06\/21\/voce-ja-tomou-cha-de-lavanda\/","title":{"rendered":"Voc\u00ea j\u00e1 tomou ch\u00e1 de lavanda?"},"content":{"rendered":"\n<p class=\"wp-block-paragraph\">A lavanda, tamb\u00e9m \u00e9 conhecida como alfazema. Sua cor linda e vibrante nos oferece um aroma delicioso e muito medicinal. \u00c9 uma erva sedativa, que alivia a ansiedade e nos ajuda a dormir mais profundamente. Tamb\u00e9m \u00e9 um antiespasm\u00f3dico, podendo ser \u00fatil se voc\u00ea estiver tensa ou sofrendo com c\u00f3licas menstruais, por exemplo. Topicamente, a lavanda \u00e9 analg\u00e9sica, antiss\u00e9ptica e cicatrizante. Como tintura, \u00e9 uma \u00f3tima op\u00e7\u00e3o para incluir em uma f\u00f3rmula calmante.<\/p>\n\n\n\n<p class=\"wp-block-paragraph\">\u00c9 frequentemente utilizada para tratar ansiedade, ins\u00f4nia, dores de cabe\u00e7a, problemas de pele e c\u00f3licas menstruais. Voc\u00ea sabia que pode tomar ch\u00e1 de lavanda? Voc\u00ea pode tom\u00e1-lo puro ou misturado com outras ervas. A escolha \u00e9 sua.<\/p>\n\n\n\n<p class=\"wp-block-paragraph\">Conhe\u00e7a algumas das Propriedades medicinais da lavanda:<\/p>\n\n\n\n<ul class=\"wp-block-list\">\n<li><strong>Calmante e relaxante:<\/strong><strong><br><\/strong>O aroma da lavanda, especialmente em \u00f3leos essenciais, \u00e9 conhecido por reduzir o estresse e a ansiedade, promovendo relaxamento e melhorando a qualidade do sono.\u00a0<\/li>\n\n\n\n<li><strong>Analg\u00e9sica:<\/strong><strong><br><\/strong>A lavanda pode ajudar a aliviar dores de cabe\u00e7a, dores musculares e c\u00f3licas menstruais, gra\u00e7as \u00e0s suas propriedades analg\u00e9sicas.\u00a0<\/li>\n\n\n\n<li><strong>Anti-inflamat\u00f3ria:<\/strong><strong><br><\/strong>A lavanda possui propriedades anti-inflamat\u00f3rias que podem auxiliar na redu\u00e7\u00e3o de inflama\u00e7\u00f5es na pele e em outras partes do corpo.\u00a0<\/li>\n\n\n\n<li><strong>Cicatrizante e antiss\u00e9ptica:<\/strong><strong><br><\/strong>A lavanda pode promover a cicatriza\u00e7\u00e3o de ferimentos, al\u00e9m de possuir propriedades antiss\u00e9pticas que ajudam a prevenir infec\u00e7\u00f5es.\u00a0<\/li>\n\n\n\n<li><strong>Antidepressiva:<\/strong><strong><br><\/strong>A lavanda pode auxiliar no tratamento de depress\u00e3o e ansiedade, promovendo o equil\u00edbrio emocional.\u00a0<\/li>\n\n\n\n<li><strong>Digestiva:<\/strong><strong><br><\/strong>A lavanda pode auxiliar na digest\u00e3o, ajudando a aliviar problemas como gases e c\u00f3licas.\u00a0<\/li>\n\n\n\n<li><strong>Antimicrobiana:<\/strong><strong><br><\/strong>Estudos demonstram que a lavanda possui a\u00e7\u00e3o antimicrobiana, podendo auxiliar no combate a bact\u00e9rias e fungos.\u00a0<\/li>\n<\/ul>\n\n\n\n<p class=\"wp-block-paragraph\">\u00c9 importante ressaltar que, embora a lavanda seja considerada segura para a maioria das pessoas, \u00e9 recomend\u00e1vel consultar um profissional de sa\u00fade antes de utilizar a planta para fins medicinais, especialmente em casos de gravidez, lacta\u00e7\u00e3o ou se estiver utilizando outros medicamentos.&nbsp;<\/p>\n\n\n\n<p class=\"wp-block-paragraph\">#herbalismo #medicinatibetana #tibetanmedicine<\/p>\n\n\n\n<p class=\"wp-block-paragraph\"><\/p>\n","protected":false},"excerpt":{"rendered":"<p>A lavanda, tamb\u00e9m \u00e9 conhecida como alfazema. Sua cor linda e vibrante nos oferece um aroma delicioso e muito medicinal. \u00c9 uma erva sedativa, que alivia a ansiedade e nos ajuda a dormir mais profundamente. Tamb\u00e9m \u00e9 um antiespasm\u00f3dico, podendo ser \u00fatil se voc\u00ea estiver tensa ou sofrendo com c\u00f3licas menstruais, por exemplo. Topicamente, a &#8230; <a title=\"Voc\u00ea j\u00e1 tomou ch\u00e1 de lavanda?\" class=\"read-more\" href=\"https:\/\/www.foradacaixacoletivo.com.br\/medicinatibetana\/2025\/06\/21\/voce-ja-tomou-cha-de-lavanda\/\" aria-label=\"Read more about Voc\u00ea j\u00e1 tomou ch\u00e1 de lavanda?\">Ler mais<\/a><\/p>\n","protected":false},"author":2,"featured_media":352,"comment_status":"closed","ping_status":"open","sticky":false,"template":"","format":"standard","meta":{"footnotes":""},"categories":[1],"tags":[],"class_list":["post-351","post","type-post","status-publish","format-standard","has-post-thumbnail","hentry","category-artigos"],"_links":{"self":[{"href":"https:\/\/www.foradacaixacoletivo.com.br\/medicinatibetana\/wp-json\/wp\/v2\/posts\/351","targetHints":{"allow":["GET"]}}],"collection":[{"href":"https:\/\/www.foradacaixacoletivo.com.br\/medicinatibetana\/wp-json\/wp\/v2\/posts"}],"about":[{"href":"https:\/\/www.foradacaixacoletivo.com.br\/medicinatibetana\/wp-json\/wp\/v2\/types\/post"}],"author":[{"embeddable":true,"href":"https:\/\/www.foradacaixacoletivo.com.br\/medicinatibetana\/wp-json\/wp\/v2\/users\/2"}],"replies":[{"embeddable":true,"href":"https:\/\/www.foradacaixacoletivo.com.br\/medicinatibetana\/wp-json\/wp\/v2\/comments?post=351"}],"version-history":[{"count":1,"href":"https:\/\/www.foradacaixacoletivo.com.br\/medicinatibetana\/wp-json\/wp\/v2\/posts\/351\/revisions"}],"predecessor-version":[{"id":353,"href":"https:\/\/www.foradacaixacoletivo.com.br\/medicinatibetana\/wp-json\/wp\/v2\/posts\/351\/revisions\/353"}],"wp:featuredmedia":[{"embeddable":true,"href":"https:\/\/www.foradacaixacoletivo.com.br\/medicinatibetana\/wp-json\/wp\/v2\/media\/352"}],"wp:attachment":[{"href":"https:\/\/www.foradacaixacoletivo.com.br\/medicinatibetana\/wp-json\/wp\/v2\/media?parent=351"}],"wp:term":[{"taxonomy":"category","embeddable":true,"href":"https:\/\/www.foradacaixacoletivo.com.br\/medicinatibetana\/wp-json\/wp\/v2\/categories?post=351"},{"taxonomy":"post_tag","embeddable":true,"href":"https:\/\/www.foradacaixacoletivo.com.br\/medicinatibetana\/wp-json\/wp\/v2\/tags?post=351"}],"curies":[{"name":"wp","href":"https:\/\/api.w.org\/{rel}","templated":true}]}}